{"id":8918,"date":"2022-09-03T14:00:35","date_gmt":"2022-09-03T12:00:35","guid":{"rendered":"https:\/\/vielzutun.ch\/wordpress\/?p=8918"},"modified":"2022-09-07T13:30:41","modified_gmt":"2022-09-07T11:30:41","slug":"bremsbelaege-beim-e-mtb","status":"publish","type":"post","link":"https:\/\/vielzutun.ch\/wordpress\/?p=8918","title":{"rendered":"Bremsbel\u00e4ge beim E-MTB"},"content":{"rendered":"\n<p>Als ich <a rel=\"noreferrer noopener\" href=\"https:\/\/vielzutun.ch\/wordpress\/?p=8760\" target=\"_blank\">neulich<\/a> mit meinem E-Bike den Julierpass mit &gt;70 km\/h hinunter sauste, meldete sich von ganz weit hinten im Hinterkopf ein kleines Teufelchen und fragte mich, ob denn die Bremsen vor der n\u00e4chsten Kehre wohl mitspielen w\u00fcrden?<\/p>\n\n\n\n<figure class=\"wp-block-image size-large\"><a href=\"https:\/\/vielzutun.ch\/wordpress\/wp-content\/uploads\/2022\/09\/Bremse-scaled.jpg\"><img loading=\"lazy\" decoding=\"async\" width=\"1024\" height=\"808\" src=\"https:\/\/vielzutun.ch\/wordpress\/wp-content\/uploads\/2022\/09\/Bremse-1024x808.jpg\" alt=\"\" class=\"wp-image-8974\" srcset=\"https:\/\/vielzutun.ch\/wordpress\/wp-content\/uploads\/2022\/09\/Bremse-1024x808.jpg 1024w, https:\/\/vielzutun.ch\/wordpress\/wp-content\/uploads\/2022\/09\/Bremse-300x237.jpg 300w, https:\/\/vielzutun.ch\/wordpress\/wp-content\/uploads\/2022\/09\/Bremse-768x606.jpg 768w, https:\/\/vielzutun.ch\/wordpress\/wp-content\/uploads\/2022\/09\/Bremse-1536x1212.jpg 1536w, https:\/\/vielzutun.ch\/wordpress\/wp-content\/uploads\/2022\/09\/Bremse-2048x1617.jpg 2048w, https:\/\/vielzutun.ch\/wordpress\/wp-content\/uploads\/2022\/09\/Bremse-1200x947.jpg 1200w\" sizes=\"auto, (max-width: 709px) 85vw, (max-width: 909px) 67vw, (max-width: 1362px) 62vw, 840px\" \/><\/a><figcaption>Bremse nach rund 1&#8217;100 km Fahrleistung, hier bereits mit OEM-Bel\u00e4gen<\/figcaption><\/figure>\n\n\n\n<p><\/p>\n\n\n\n<p>Mir wurde in dem Moment schlagartig bewusst, da\u00df ich bis dahin, nach inzwischen guten 1&#8217;100 km Fahrleistung, ausser Luftdruck pr\u00fcfen\/justieren, Kette \u00f6len und Akku aufladen meinem Bike NULL technisch motivierte Aufmerksamkeit gewidmet hatte.<\/p>\n\n\n\n<p>Die Bremse hat \u00fcbrigens gehalten, sonst k\u00f6nnte ich jetzt nicht dar\u00fcber schreiben. Heute habe ich mir dann einmal einen Blick in den Spalt in den Bremss\u00e4tteln geg\u00f6nnt und war doch einigerma\u00dfen erschrocken: die Bremsbel\u00e4ge vorne schienen nahezu blank zu sein. Also erst einmal das Internet angeworfen und geschaut, was f\u00fcr eine Bremse ich denn \u00fcberhaupt verbaut habe, an meinem <a rel=\"noreferrer noopener\" href=\"https:\/\/www.trekbikes.com\/ch\/de_CH\/bikes\/mountainbikes\/e-mountainbikes\/rail\/rail-9-8\/p\/30694\/\" target=\"_blank\">TREK Rail 9.8<\/a> aus 2020: es sind vorne und hinten jeweils <a rel=\"noreferrer noopener\" href=\"https:\/\/bike.shimano.com\/de-DE\/product\/component\/slx-m7100\/BR-M7120.html\" target=\"_blank\">Shimano SLX M7120<\/a> Vierkolbenbremszangen mit je einer SM-RT76  <a rel=\"noreferrer noopener\" href=\"https:\/\/www.bikester.ch\/shimano-sm-rt76-bremsscheibe-6-loch-metall-resin-M911869.html\" target=\"_blank\">Bremsscheibe mit 203 mm Durchmesser<\/a> verbaut.<\/p>\n\n\n\n<p>Als Ersatz f\u00fcr die erkennbar verschlissenen Bremsbel\u00e4ge kommen neben diversen OEM-Produkten insbesondere die zu meiner Bremsanlage kompatiblen Original Shimano N03A mit organischen Bel\u00e4gen auf Kunstharzbasis, oder die Sintermetallbel\u00e4ge N04C in Frage:<\/p>\n\n\n\n<figure class=\"wp-block-gallery has-nested-images columns-default is-cropped wp-block-gallery-1 is-layout-flex wp-block-gallery-is-layout-flex\">\n<figure class=\"wp-block-image size-full\"><a href=\"https:\/\/vielzutun.ch\/wordpress\/wp-content\/uploads\/2022\/08\/Shimano-N03A-Resin-Disc-Belage.jpg\"><img loading=\"lazy\" decoding=\"async\" width=\"1500\" height=\"1008\" data-id=\"8927\" src=\"https:\/\/vielzutun.ch\/wordpress\/wp-content\/uploads\/2022\/08\/Shimano-N03A-Resin-Disc-Belage.jpg\" alt=\"\" class=\"wp-image-8927\" srcset=\"https:\/\/vielzutun.ch\/wordpress\/wp-content\/uploads\/2022\/08\/Shimano-N03A-Resin-Disc-Belage.jpg 1500w, https:\/\/vielzutun.ch\/wordpress\/wp-content\/uploads\/2022\/08\/Shimano-N03A-Resin-Disc-Belage-300x202.jpg 300w, https:\/\/vielzutun.ch\/wordpress\/wp-content\/uploads\/2022\/08\/Shimano-N03A-Resin-Disc-Belage-1024x688.jpg 1024w, https:\/\/vielzutun.ch\/wordpress\/wp-content\/uploads\/2022\/08\/Shimano-N03A-Resin-Disc-Belage-768x516.jpg 768w, https:\/\/vielzutun.ch\/wordpress\/wp-content\/uploads\/2022\/08\/Shimano-N03A-Resin-Disc-Belage-1200x806.jpg 1200w\" sizes=\"auto, (max-width: 709px) 85vw, (max-width: 909px) 67vw, (max-width: 1362px) 62vw, 840px\" \/><\/a><figcaption>N03A: Organische Bel\u00e4ge auf Kunstharzbasis<\/figcaption><\/figure>\n\n\n\n<figure class=\"wp-block-image size-full\"><a href=\"https:\/\/vielzutun.ch\/wordpress\/wp-content\/uploads\/2022\/08\/Shimano-N04C-Sinter-1.jpg\"><img loading=\"lazy\" decoding=\"async\" width=\"997\" height=\"706\" data-id=\"8930\" src=\"https:\/\/vielzutun.ch\/wordpress\/wp-content\/uploads\/2022\/08\/Shimano-N04C-Sinter-1.jpg\" alt=\"\" class=\"wp-image-8930\" srcset=\"https:\/\/vielzutun.ch\/wordpress\/wp-content\/uploads\/2022\/08\/Shimano-N04C-Sinter-1.jpg 997w, https:\/\/vielzutun.ch\/wordpress\/wp-content\/uploads\/2022\/08\/Shimano-N04C-Sinter-1-300x212.jpg 300w, https:\/\/vielzutun.ch\/wordpress\/wp-content\/uploads\/2022\/08\/Shimano-N04C-Sinter-1-768x544.jpg 768w\" sizes=\"auto, (max-width: 709px) 85vw, (max-width: 909px) 67vw, (max-width: 1362px) 62vw, 840px\" \/><\/a><figcaption>N04C: Gesinterte Metallbel\u00e4ge<\/figcaption><\/figure>\n<\/figure>\n\n\n\n<p><\/p>\n\n\n\n<p>Auffallend ist bei beiden Varianten die mit &#171;K\u00fchlrippen&#187; versehene Verl\u00e4ngerung der Bremsbelagtr\u00e4gerplatten \u00fcber die Reibbelagfl\u00e4che hinaus &#8211; ich komme noch darauf zur\u00fcck.<\/p>\n\n\n\n<p>An der Stelle muss ich zugeben, da\u00df ich alleine aufgrund des &#171;Bling-Bling&#187;-Faktors zu den Sintermetallbel\u00e4gen tendiert habe, wobei sicher auch eine Rolle gespielt hat, das unter Ducati-Fahrern Sintermetallbel\u00e4ge als quasi Voraussetzung f\u00fcr aggressive Bremsman\u00f6ver gelten. Immerhin halte ich mit inzwischen &gt; 27&#8217;000 km auf meiner Monster (und immer noch Erstausr\u00fcstung an Bremsbel\u00e4gen) schon seit mehreren Jahren noch nicht montierte Sintermetall-Bremsbel\u00e4ge f\u00fcr deren Brembo-Bremszangen im Vorrat, ohne deren angeblich \u00fcberlegene Wirkung aus eigener Erfahrung beurteilen zu k\u00f6nnen.<\/p>\n\n\n\n<p>Also bin ich auf zum Bike-H\u00e4ndler meines Vertrauens, um Ersatz-Bremsbel\u00e4ge f\u00fcr meine Shimano SLX Bremsen zu kaufen, und zwar die originalen N04C (Sintermetall) von Shimano &#8211; so der Plan.<\/p>\n\n\n\n<p>Da war ich dann doch sehr entt\u00e4uscht, da\u00df mir vor Ort schn\u00f6de OEM-Bremsbel\u00e4ge von Tektro empfohlen wurden &#8211; v\u00f6llig ohne silbrig gl\u00e4nzende Oberfl\u00e4chen, und auch v\u00f6llig ohne K\u00fchlrippen. Bling-Blink-Faktor gleich Null. Immerhin sind die vorgeschlagenen <a rel=\"noreferrer noopener\" href=\"https:\/\/teknoparts.ch\/tektro-bremsbelaege-q10ys-semi-metallic-metall-keramik\/\" target=\"_blank\">Q10YS<\/a> semi-metallisch, und sollen angeblich die Vorteile von organischen und gesinterten Bel\u00e4gen kombinieren (Verschleiss- und Ger\u00e4uscharmut).<\/p>\n\n\n\n<figure class=\"wp-block-image size-full\"><a href=\"https:\/\/vielzutun.ch\/wordpress\/wp-content\/uploads\/2022\/08\/Tektro_Q10YS.jpg\"><img loading=\"lazy\" decoding=\"async\" width=\"800\" height=\"800\" src=\"https:\/\/vielzutun.ch\/wordpress\/wp-content\/uploads\/2022\/08\/Tektro_Q10YS.jpg\" alt=\"\" class=\"wp-image-8940\" srcset=\"https:\/\/vielzutun.ch\/wordpress\/wp-content\/uploads\/2022\/08\/Tektro_Q10YS.jpg 800w, https:\/\/vielzutun.ch\/wordpress\/wp-content\/uploads\/2022\/08\/Tektro_Q10YS-300x300.jpg 300w, https:\/\/vielzutun.ch\/wordpress\/wp-content\/uploads\/2022\/08\/Tektro_Q10YS-150x150.jpg 150w, https:\/\/vielzutun.ch\/wordpress\/wp-content\/uploads\/2022\/08\/Tektro_Q10YS-768x768.jpg 768w\" sizes=\"auto, (max-width: 709px) 85vw, (max-width: 909px) 67vw, (max-width: 984px) 61vw, (max-width: 1362px) 45vw, 600px\" \/><\/a><figcaption>Klassischer geht es nicht &#8230;<\/figcaption><\/figure>\n\n\n\n<p><\/p>\n\n\n\n<p>Da habe ich lange mit mir gehadert, und erst die Zusage, da\u00df ich bei Nichtgefallen auch gebrauchte Artikel umtauschen k\u00f6nne, hat dann den Ausschlag zum Kaufentscheid gegeben. Der Preis von CHF 26.- war ebenfalls kein Hindernis. Und ausserdem hatte ich mich selbst innerlich zur Ordnung gerufen, denn immerhin bin ich hier im Blog angetreten, um gerade nicht auf Bling-Bling hereinzufallen und statt dessen mess-, z\u00e4hl- und erfahrbaren innere Werten den Vorzug zu geben.<\/p>\n\n\n\n<p>Also wieder ab nach Hause, die alten Bel\u00e4ge ausgebaut &#8211; zun\u00e4chst nur vorne. So sehen die aus, nach guten 1&#8217;100 km Fahrleistung:<\/p>\n\n\n\n<figure class=\"wp-block-image size-large\"><a href=\"https:\/\/vielzutun.ch\/wordpress\/wp-content\/uploads\/2022\/08\/Bela\u0308ge.jpg\"><img loading=\"lazy\" decoding=\"async\" width=\"1024\" height=\"768\" src=\"https:\/\/vielzutun.ch\/wordpress\/wp-content\/uploads\/2022\/08\/Bela\u0308ge-1024x768.jpg\" alt=\"\" class=\"wp-image-8947\" srcset=\"https:\/\/vielzutun.ch\/wordpress\/wp-content\/uploads\/2022\/08\/Bela\u0308ge-1024x768.jpg 1024w, https:\/\/vielzutun.ch\/wordpress\/wp-content\/uploads\/2022\/08\/Bela\u0308ge-300x225.jpg 300w, https:\/\/vielzutun.ch\/wordpress\/wp-content\/uploads\/2022\/08\/Bela\u0308ge-768x576.jpg 768w, https:\/\/vielzutun.ch\/wordpress\/wp-content\/uploads\/2022\/08\/Bela\u0308ge-1536x1152.jpg 1536w, https:\/\/vielzutun.ch\/wordpress\/wp-content\/uploads\/2022\/08\/Bela\u0308ge-1200x900.jpg 1200w, https:\/\/vielzutun.ch\/wordpress\/wp-content\/uploads\/2022\/08\/Bela\u0308ge.jpg 2000w\" sizes=\"auto, (max-width: 709px) 85vw, (max-width: 909px) 67vw, (max-width: 1362px) 62vw, 840px\" \/><\/a><figcaption>Die alten Bremsbel\u00e4ge mit 1&#8217;100km Fahrleistung<\/figcaption><\/figure>\n\n\n\n<p><\/p>\n\n\n\n<p>Auffallend ist der metallisch-silbrige Streifen auf der Reibfl\u00e4che des (in Fahrtrichtung) linken Belags, im Foto oben rechts. Das sieht zun\u00e4chst nach einer Besch\u00e4digung der Bremsscheibe aus, jedoch ist der Belag <a href=\"https:\/\/vielzutun.ch\/wordpress\/?p=8981\">an keiner Stelle auf Null abgefahren<\/a> (Diese Aussage musste ich \u00fcbrigens im verlinkten Folgebeitrag korrigieren). Die minimale Belagst\u00e4rke im Grund der silbrig verf\u00e4rbten &#171;Rille&#187; des linken Belags habe ich zu 0.39 mm gemessen &#8211; damit ist die von Shimano angegebene Verscheissgrenze von 0.5 mm lokal bereits unterschritten. Am Innenradius des Belags betrug die Belagst\u00e4rke nur noch 0.4 mm, am Aussenradius sogar noch 0.8 mm. Neue Bel\u00e4ge bringen es auf insgesamt 4.0 mm St\u00e4rke, bei einer Dicke der Tr\u00e4gerplatte von 1.5 mm und einer Belagdicke von 2.5 mm. Auch die Bremsscheibe weist auf der (in Fahrtrichtung) linken Seite keine sichtbare mechanische Besch\u00e4digung auf, wenn man von einer sichtbaren Verf\u00e4rbung am inneren Radius und einer mit dem Fingernagel sp\u00fcrbaren &#171;Stufe&#187; absieht. Die minimale Bremsscheibendicke habe ich mit der Mikrometerschraube zu 1.54 mm gemessen &#8211; die muss also auch ersetzt werden da ebenfalls hart an der Verschleisgrenze. Ersatz ist bereits bestellt.<\/p>\n\n\n\n<figure class=\"wp-block-gallery has-nested-images columns-default is-cropped wp-block-gallery-2 is-layout-flex wp-block-gallery-is-layout-flex\">\n<figure class=\"wp-block-image size-large\"><a href=\"https:\/\/vielzutun.ch\/wordpress\/wp-content\/uploads\/2022\/09\/Scheibe-1.jpg\"><img decoding=\"async\" data-id=\"8960\" src=\"https:\/\/vielzutun.ch\/wordpress\/wp-content\/uploads\/2022\/09\/Scheibe-1.jpg\" alt=\"\" class=\"wp-image-8960\"\/><\/a><figcaption>Verschleissgrenze eingelasert<\/figcaption><\/figure>\n\n\n\n<figure class=\"wp-block-image size-large\"><a href=\"https:\/\/vielzutun.ch\/wordpress\/wp-content\/uploads\/2022\/09\/Scheibe-scaled.jpg\"><img loading=\"lazy\" decoding=\"async\" width=\"1920\" height=\"2560\" data-id=\"8961\" src=\"https:\/\/vielzutun.ch\/wordpress\/wp-content\/uploads\/2022\/09\/Scheibe-scaled.jpg\" alt=\"\" class=\"wp-image-8961\" srcset=\"https:\/\/vielzutun.ch\/wordpress\/wp-content\/uploads\/2022\/09\/Scheibe-scaled.jpg 1920w, https:\/\/vielzutun.ch\/wordpress\/wp-content\/uploads\/2022\/09\/Scheibe-225x300.jpg 225w\" sizes=\"auto, (max-width: 709px) 85vw, (max-width: 909px) 67vw, (max-width: 1362px) 62vw, 840px\" \/><\/a><figcaption>Typbezeichnung inkl. \u00d8-Angabe<\/figcaption><\/figure>\n<\/figure>\n\n\n\n<p><\/p>\n\n\n\n<p>Das auff\u00e4llige Tragbild des Belags bleibt allerdings r\u00e4tselhaft. Vielleicht war ein Fremdk\u00f6rper zwischen Belag und Scheibe geraten?<\/p>\n\n\n\n<p>Um die neuen Bel\u00e4ge zu montieren, musste ich die Bremskolben in ihre Ausgangslage zur\u00fcckdr\u00fccken. In Ermangelung eines geeigneten Werkzeugs habe ich dies mit Hilfe der alten Bel\u00e4ge und eines dazwischen plazierten breiten Schlitzschraubendrehers gemacht, obwohl genau davon in diversen Anleitungen abgeraten wird. Die Bremskolben sind n\u00e4mlich aus Keramik und k\u00f6nnten splittern. Ist aber in meinem Fall gut gegangen.<\/p>\n\n\n\n<p>Blieb noch das obligatorische Einfahren der neuen Bremsbel\u00e4ge. Daf\u00fcr bin ich ab Haust\u00fcr zum <a rel=\"noreferrer noopener\" href=\"https:\/\/www.gasthaus-leimensteig.ch\/\" target=\"_blank\">Gasthaus Leimensteig<\/a> hinaufgefahren (ca. 250 H\u00f6henmeter), und habe die Bergabfahrt zum Einfahren genutzt. An der Stelle kann ich festhalten, das die Vorderradbremse auch nach dem Belagwechsel genauso  verz\u00f6gert wie ich das gewohnt bin. Ich konnte jedenfalls keinen negativen Effekt der fehlenden K\u00fchlrippen feststellen. Vielleicht sind die doch nur Eye-Candy, bzw. Bling-Bling? Oder ich fahre nicht dicht genug an Fading-Grenzbereichen, um derartige Feinheiten zu registrieren?<\/p>\n\n\n\n<p>Noch ein Wort zu den <strong>K\u00fchlrippen<\/strong> der original verbauten <a rel=\"noreferrer noopener\" href=\"https:\/\/bike.shimano.com\/de-DE\/product\/service-upgradeparts\/xtr-m9100\/WP-Y1XD98010.html\" target=\"_blank\">Shimano N03A<\/a> Bremsbel\u00e4ge: diese sind ein Baustein der von Shimano &#171;<a rel=\"noreferrer noopener\" href=\"https:\/\/bike.shimano.com\/de-DE\/technologies\/component\/details\/ice-technologies.html\" target=\"_blank\">Ice Technologies<\/a>&#187; genannten Optimierung aller Bremskomponenten mit dem Ziel der verbesserten W\u00e4rmeabfuhr. Diese soll das Einsetzen des &#171;Fadings&#187; m\u00f6glichst weit hinausschieben. Angeblich kann durch Verwendung aller zu &#171;Ice Technologies&#187; geh\u00f6renden Komponenten (Bremscheibe, Bremsbel\u00e4ge, Bremsleitung(!) und Bremskolben) die Temperatur der Bremsanlage von \u00fcber 400\u00b0 C gegen\u00fcber herk\u00f6mmlichen Komponenten um mehr 100\u00b0 C abgesenkt werden.<\/p>\n\n\n\n<figure class=\"wp-block-gallery has-nested-images columns-default is-cropped wp-block-gallery-3 is-layout-flex wp-block-gallery-is-layout-flex\">\n<figure class=\"wp-block-image size-large\"><img loading=\"lazy\" decoding=\"async\" width=\"482\" height=\"394\" data-id=\"8964\" src=\"https:\/\/vielzutun.ch\/wordpress\/wp-content\/uploads\/2022\/09\/Tech_Image_IceTechnologies_05_de.jpg\" alt=\"\" class=\"wp-image-8964\" srcset=\"https:\/\/vielzutun.ch\/wordpress\/wp-content\/uploads\/2022\/09\/Tech_Image_IceTechnologies_05_de.jpg 482w, https:\/\/vielzutun.ch\/wordpress\/wp-content\/uploads\/2022\/09\/Tech_Image_IceTechnologies_05_de-300x245.jpg 300w\" sizes=\"auto, (max-width: 482px) 85vw, 482px\" \/><figcaption>Quelle: <a href=\"https:\/\/bike.shimano.com\/de-DE\/technologies\/component\/details\/ice-technologies.html\" target=\"_blank\" rel=\"noreferrer noopener\">Shimano<\/a><\/figcaption><\/figure>\n\n\n\n<figure class=\"wp-block-image size-large\"><img loading=\"lazy\" decoding=\"async\" width=\"480\" height=\"392\" data-id=\"8963\" src=\"https:\/\/vielzutun.ch\/wordpress\/wp-content\/uploads\/2022\/09\/Tech_Image_IceTechnologies_06_de.jpg\" alt=\"\" class=\"wp-image-8963\" srcset=\"https:\/\/vielzutun.ch\/wordpress\/wp-content\/uploads\/2022\/09\/Tech_Image_IceTechnologies_06_de.jpg 480w, https:\/\/vielzutun.ch\/wordpress\/wp-content\/uploads\/2022\/09\/Tech_Image_IceTechnologies_06_de-300x245.jpg 300w\" sizes=\"auto, (max-width: 480px) 85vw, 480px\" \/><figcaption>Quelle: <a href=\"https:\/\/bike.shimano.com\/de-DE\/technologies\/component\/details\/ice-technologies.html\" target=\"_blank\" rel=\"noreferrer noopener\">Shimano<\/a><\/figcaption><\/figure>\n<\/figure>\n\n\n\n<p><\/p>\n\n\n\n<p>Ich habe zwar die w\u00e4rmeabgebende Oberfl\u00e4che des Kreisrings der Bremsscheibe zu rund 160 cm<sup>2<\/sup> ermittelt, und die zus\u00e4tzliche Fl\u00e4che der K\u00fchlrippen zu doch beachtlichen ca. 30 cm<sup>2<\/sup> (zwei Bel\u00e4ge mit jeweils Vorder- und R\u00fcckseite).<\/p>\n\n\n\n<p>Die behauptete Wirkung, auch wenn ich die verwendeten Effekte (W\u00e4rmeleitung, W\u00e4rmeabstrahlung)  nicht grunds\u00e4tzlich bestreite, kommt mir dennoch arg hoch gegriffen vor. Leider fehlt mir das physikalische R\u00fcstzeug, dem hier detailliert auf den Zahn zu f\u00fchlen, weshalb mir an dieser Stelle nur ein ohnm\u00e4chtiger Zweifel bleibt.<\/p>\n\n\n\n<p>Als pers\u00f6nliches Fazit bleibt mir die Erkenntnis, da\u00df MTB wesentlich k\u00fcrzere Wartungsintervalle aufweisen als ich dies von meinen T\u00f6ff gewohnt bin, und ich an meinem E-MTB zuk\u00fcnftig deutlich engermaschig nach dem Rechten schauen werde.<\/p>\n","protected":false},"excerpt":{"rendered":"<p>Als ich neulich mit meinem E-Bike den Julierpass mit &gt;70 km\/h hinunter sauste, meldete sich von ganz weit hinten im Hinterkopf ein kleines Teufelchen und fragte mich, ob denn die Bremsen vor der n\u00e4chsten Kehre wohl mitspielen w\u00fcrden? Mir wurde in dem Moment schlagartig bewusst, da\u00df ich bis dahin, nach inzwischen guten 1&#8217;100 km Fahrleistung, &hellip; <a href=\"https:\/\/vielzutun.ch\/wordpress\/?p=8918\" class=\"more-link\"><span class=\"screen-reader-text\">&#8220;Bremsbel\u00e4ge beim E-MTB&#8221; <\/span>weiterlesen<\/a><\/p>\n","protected":false},"author":3,"featured_media":0,"comment_status":"open","ping_status":"open","sticky":false,"template":"","format":"standard","meta":{"_stc_notifier_status":"","_stc_notifier_sent_time":"","_stc_notifier_request":false,"_stc_notifier_prevent":false,"_stc_subscriber_keywords":"","_stc_subscriber_search_areas":"","footnotes":""},"categories":[23],"tags":[195,91,167],"class_list":["post-8918","post","type-post","status-publish","format-standard","hentry","category-biken","tag-bremsbelaege","tag-e-bike","tag-e-mtb"],"_links":{"self":[{"href":"https:\/\/vielzutun.ch\/wordpress\/index.php?rest_route=\/wp\/v2\/posts\/8918","targetHints":{"allow":["GET"]}}],"collection":[{"href":"https:\/\/vielzutun.ch\/wordpress\/index.php?rest_route=\/wp\/v2\/posts"}],"about":[{"href":"https:\/\/vielzutun.ch\/wordpress\/index.php?rest_route=\/wp\/v2\/types\/post"}],"author":[{"embeddable":true,"href":"https:\/\/vielzutun.ch\/wordpress\/index.php?rest_route=\/wp\/v2\/users\/3"}],"replies":[{"embeddable":true,"href":"https:\/\/vielzutun.ch\/wordpress\/index.php?rest_route=%2Fwp%2Fv2%2Fcomments&post=8918"}],"version-history":[{"count":53,"href":"https:\/\/vielzutun.ch\/wordpress\/index.php?rest_route=\/wp\/v2\/posts\/8918\/revisions"}],"predecessor-version":[{"id":9018,"href":"https:\/\/vielzutun.ch\/wordpress\/index.php?rest_route=\/wp\/v2\/posts\/8918\/revisions\/9018"}],"wp:attachment":[{"href":"https:\/\/vielzutun.ch\/wordpress\/index.php?rest_route=%2Fwp%2Fv2%2Fmedia&parent=8918"}],"wp:term":[{"taxonomy":"category","embeddable":true,"href":"https:\/\/vielzutun.ch\/wordpress\/index.php?rest_route=%2Fwp%2Fv2%2Fcategories&post=8918"},{"taxonomy":"post_tag","embeddable":true,"href":"https:\/\/vielzutun.ch\/wordpress\/index.php?rest_route=%2Fwp%2Fv2%2Ftags&post=8918"}],"curies":[{"name":"wp","href":"https:\/\/api.w.org\/{rel}","templated":true}]}}