{"id":8760,"date":"2022-08-22T12:00:47","date_gmt":"2022-08-22T10:00:47","guid":{"rendered":"https:\/\/vielzutun.ch\/wordpress\/?p=8760"},"modified":"2022-08-22T12:56:01","modified_gmt":"2022-08-22T10:56:01","slug":"septimerpass-mit-dem-e-bike","status":"publish","type":"post","link":"https:\/\/vielzutun.ch\/wordpress\/?p=8760","title":{"rendered":"Septimerpass mit dem E-Bike"},"content":{"rendered":"\n<p>Inzwischen habe ich mein E-Bike schon \u00fcber ein Jahr, und erst jetzt habe ich eine Tour absolviert, von der ich annehme, da\u00df sich auch Andere daf\u00fcr interessieren k\u00f6nnten: die \u00dcberquerung des Septimerpasses mit dem E-Bike.<\/p>\n\n\n\n<figure class=\"wp-block-image size-large\"><a href=\"https:\/\/vielzutun.ch\/wordpress\/wp-content\/uploads\/2022\/08\/Titel_.png\"><img loading=\"lazy\" decoding=\"async\" width=\"1024\" height=\"683\" src=\"https:\/\/vielzutun.ch\/wordpress\/wp-content\/uploads\/2022\/08\/Titel_-1024x683.png\" alt=\"\" class=\"wp-image-8763\" srcset=\"https:\/\/vielzutun.ch\/wordpress\/wp-content\/uploads\/2022\/08\/Titel_-1024x683.png 1024w, https:\/\/vielzutun.ch\/wordpress\/wp-content\/uploads\/2022\/08\/Titel_-300x200.png 300w, https:\/\/vielzutun.ch\/wordpress\/wp-content\/uploads\/2022\/08\/Titel_-768x512.png 768w, https:\/\/vielzutun.ch\/wordpress\/wp-content\/uploads\/2022\/08\/Titel_-1536x1024.png 1536w, https:\/\/vielzutun.ch\/wordpress\/wp-content\/uploads\/2022\/08\/Titel_-2048x1365.png 2048w, https:\/\/vielzutun.ch\/wordpress\/wp-content\/uploads\/2022\/08\/Titel_-1200x800.png 1200w\" sizes=\"auto, (max-width: 709px) 85vw, (max-width: 909px) 67vw, (max-width: 1362px) 62vw, 840px\" \/><\/a><figcaption>Ank\u00fcndigung des Septimerpasses am Ortseingang von Bivio, GR<\/figcaption><\/figure>\n\n\n\n<p>Der bereits seit dem 9. Jahrhundert verzeichnete <a rel=\"noreferrer noopener\" href=\"https:\/\/de.wikipedia.org\/wiki\/Bivio#Geschichte\" target=\"_blank\">Ortsname &#171;Bivio&#187;<\/a> im Oberhalbstein (Surses) GB deutet auf eine Weggabelung hin, hier zwischen dem Julierpass ins Engadin und dem Septimerpass ins Bergell.<\/p>\n\n\n\n<p>Ursula hatte mit X\u00e4ndi eine Woche Trail-Ferien in Graub\u00fcnden gebucht, mit Basislager in Savognin. Da stellte sich f\u00fcr mich nat\u00fcrlich die Frage, was ich denn w\u00e4hrenddessen unternehmen k\u00f6nnte. Graub\u00fcnden gilt (vermutlich nicht zu Unrecht) als Mekka der MTB-Begeisterten \u00fcber die Schweiz hinaus. Ein Blick in die MTB-Karte von Schweizmobil.ch zeigte, das Savognin direkt auf der Schweizer MTB-Route mit der verpflichtenden Nummer 1 liegt. Ich entschied mich, aus rein pragmatischen Gr\u00fcnden (meine G\u00e4stekarte erlaubte die kostenlose Nutzung des \u00d6V bis und mit Julierpass), die Etappe 4 (St. Moritz &#8211; Bivio) dieser Route in Angriff zu nehmen, allerdings in umgekehrter Richtung, mit Start in Bivio:<\/p>\n\n\n\n<figure class=\"wp-block-image size-large\"><a href=\"https:\/\/map.schweizmobil.ch\/?lang=de&amp;land=mountainbikeland&amp;etappe=1.04&amp;photos=yes&amp;logo=yes&amp;detours=yes&amp;season=summer&amp;layers=Mountainbikeland&amp;resolution=16.83&amp;E=2776358&amp;N=1145504&amp;bgLayer=pk\" target=\"_blank\" rel=\"noreferrer noopener\"><img loading=\"lazy\" decoding=\"async\" width=\"1024\" height=\"707\" src=\"https:\/\/vielzutun.ch\/wordpress\/wp-content\/uploads\/2022\/08\/Bildschirmfoto-2022-08-18-um-09.41.35-1024x707.png\" alt=\"\" class=\"wp-image-8782\" srcset=\"https:\/\/vielzutun.ch\/wordpress\/wp-content\/uploads\/2022\/08\/Bildschirmfoto-2022-08-18-um-09.41.35-1024x707.png 1024w, https:\/\/vielzutun.ch\/wordpress\/wp-content\/uploads\/2022\/08\/Bildschirmfoto-2022-08-18-um-09.41.35-300x207.png 300w, https:\/\/vielzutun.ch\/wordpress\/wp-content\/uploads\/2022\/08\/Bildschirmfoto-2022-08-18-um-09.41.35-768x531.png 768w, https:\/\/vielzutun.ch\/wordpress\/wp-content\/uploads\/2022\/08\/Bildschirmfoto-2022-08-18-um-09.41.35.png 1106w\" sizes=\"auto, (max-width: 709px) 85vw, (max-width: 909px) 67vw, (max-width: 1362px) 62vw, 840px\" \/><\/a><figcaption>Bildquelle: <a href=\"https:\/\/map.schweizmobil.ch\/?lang=de&amp;land=mountainbikeland&amp;etappe=1.04&amp;photos=yes&amp;logo=yes&amp;detours=yes&amp;season=summer&amp;layers=Mountainbikeland&amp;resolution=16.83&amp;E=2776358&amp;N=1145504&amp;bgLayer=pk\" target=\"_blank\" rel=\"noreferrer noopener\">schweizmobil.ch<\/a><\/figcaption><\/figure>\n\n\n\n<p><\/p>\n\n\n\n<p>Die Tourbeschreibung auf Schweizmobil vermerkt vielsagend:<\/p>\n\n\n\n<blockquote class=\"wp-block-quote is-layout-flow wp-block-quote-is-layout-flow\"><p>Vom Val Bregaglia f\u00fchrt ein alter Saumweg \u00fcber den Septimerpass und verlangt selbst besten Bikern alles ab. Tragepassagen sind hier unausweichlich.<\/p><cite><a href=\"https:\/\/www.schweizmobil.ch\/de\/mountainbikeland\/route\/etappe-01024.html\" target=\"_blank\" rel=\"noreferrer noopener\">Schweizmobil.ch<\/a><\/cite><\/blockquote>\n\n\n\n<p>Nicht da\u00df ich mich f\u00fcr einen der besten Biker halte, aber das klang doch nach einer sch\u00f6nen Herausforderung. Mein Plan f\u00fcr die R\u00fcckfahrt sah vor, ab St. Moritz dann den \u00d6V bis mindestens Julierpassh\u00f6he zu nutzen, und von dort bis Savognin mit Schwerkraftunterst\u00fctzung bergab zu rollen\/sausen.<\/p>\n\n\n\n<p>Vor der E-Bike-Fahrt musste ich allerdings die H\u00fcrde des E-Bike-Transports mit dem PostAuto nehmen. In Graub\u00fcnden haben diese regelm\u00e4\u00dfig einen Bike-Tr\u00e4ger am Heck, bei dem man das Vorderrad oben einh\u00e4ngt und das Hinterrad in einer Art von B\u00fcrstenf\u00fchrung fixiert. Daran w\u00e4re ich fast schon gescheitert: 24 kg Bike inkl. fettem Schloss und Beleuchtung ohne Helfer in die H\u00f6he zu wuchten f\u00e4llt mir nach einer Schulterverletzung vor guten 30 Jahren (Snowboardunfall) schwer. Leider waren die beiden tieferen Aussenpl\u00e4tze bereits belegt, so da\u00df ich auf den h\u00f6chsten Mittelplatz ausweichen musste. <\/p>\n\n\n\n<figure class=\"wp-block-image size-large\"><a href=\"https:\/\/vielzutun.ch\/wordpress\/wp-content\/uploads\/2022\/08\/PostAuto_klein.jpg\"><img loading=\"lazy\" decoding=\"async\" width=\"1024\" height=\"768\" src=\"https:\/\/vielzutun.ch\/wordpress\/wp-content\/uploads\/2022\/08\/PostAuto_klein-1024x768.jpg\" alt=\"\" class=\"wp-image-8786\" srcset=\"https:\/\/vielzutun.ch\/wordpress\/wp-content\/uploads\/2022\/08\/PostAuto_klein-1024x768.jpg 1024w, https:\/\/vielzutun.ch\/wordpress\/wp-content\/uploads\/2022\/08\/PostAuto_klein-300x225.jpg 300w, https:\/\/vielzutun.ch\/wordpress\/wp-content\/uploads\/2022\/08\/PostAuto_klein-768x576.jpg 768w, https:\/\/vielzutun.ch\/wordpress\/wp-content\/uploads\/2022\/08\/PostAuto_klein-1536x1152.jpg 1536w, https:\/\/vielzutun.ch\/wordpress\/wp-content\/uploads\/2022\/08\/PostAuto_klein-1200x900.jpg 1200w, https:\/\/vielzutun.ch\/wordpress\/wp-content\/uploads\/2022\/08\/PostAuto_klein.jpg 2048w\" sizes=\"auto, (max-width: 709px) 85vw, (max-width: 909px) 67vw, (max-width: 1362px) 62vw, 840px\" \/><\/a><figcaption>Velotr\u00e4ger am Heck vom PostAuto<\/figcaption><\/figure>\n\n\n\n<p><\/p>\n\n\n\n<p>Hab&#8217;s dann mit W\u00fcrgen doch irgendwie hingekriegt. Oben in &#171;Bivio Posta&#187;, auf 1&#8217;770 m.\u00fc.M., dann die n\u00e4chste Ern\u00fcchterung: ich hatte im \u00fcberhasteten Aufbruch vom Hotel das Ladeger\u00e4t f\u00fcr meinen E-Bike-Akku vergessen.  Damit platzte der Plan, an einem der Oberengadiner Seen bei einer ausf\u00fchrlichen Rast und einem k\u00fchlen Getr\u00e4nk den Akku nachladen zu k\u00f6nnen, wenn ich mir denn vorher auf Septimer- und Malojapass eine gro\u00dfz\u00fcgige Elektro-Unterst\u00fctzung geg\u00f6nnt h\u00e4tte.<\/p>\n\n\n\n<figure class=\"wp-block-image size-large\"><a href=\"https:\/\/vielzutun.ch\/wordpress\/wp-content\/uploads\/2022\/08\/Bivio_Posta-scaled.jpg\"><img loading=\"lazy\" decoding=\"async\" width=\"1024\" height=\"700\" src=\"https:\/\/vielzutun.ch\/wordpress\/wp-content\/uploads\/2022\/08\/Bivio_Posta-1024x700.jpg\" alt=\"\" class=\"wp-image-8794\" srcset=\"https:\/\/vielzutun.ch\/wordpress\/wp-content\/uploads\/2022\/08\/Bivio_Posta-1024x700.jpg 1024w, https:\/\/vielzutun.ch\/wordpress\/wp-content\/uploads\/2022\/08\/Bivio_Posta-300x205.jpg 300w, https:\/\/vielzutun.ch\/wordpress\/wp-content\/uploads\/2022\/08\/Bivio_Posta-768x525.jpg 768w, https:\/\/vielzutun.ch\/wordpress\/wp-content\/uploads\/2022\/08\/Bivio_Posta-1536x1050.jpg 1536w, https:\/\/vielzutun.ch\/wordpress\/wp-content\/uploads\/2022\/08\/Bivio_Posta-2048x1400.jpg 2048w, https:\/\/vielzutun.ch\/wordpress\/wp-content\/uploads\/2022\/08\/Bivio_Posta-1200x820.jpg 1200w\" sizes=\"auto, (max-width: 709px) 85vw, (max-width: 909px) 67vw, (max-width: 1362px) 62vw, 840px\" \/><\/a><figcaption>Start ab PostAuto-Haltestelle &#171;Bivio Posta&#187;<\/figcaption><\/figure>\n\n\n\n<p>Nun war vom Start weg Energie-Sparen angesagt und mehr Eigenleistung gefordert. <\/p>\n\n\n\n<p>Der Abzweig zum Septimerpass am Ortsausgang von Bivio war nicht zu verfehlen. Eine breite Fahrstrasse, zun\u00e4chst asphaltiert, dann Naturbelag f\u00fchrte mit angenehm gleichm\u00e4\u00dfiger Steigung gen Septimerpass. Zwischendurch passierte ich eine Hochebene, die mich mit ihren m\u00e4andrierenden B\u00e4chlein und sumpfigen und Wollgras-bestandenen Uferzonen stark an die <a rel=\"noreferrer noopener\" href=\"https:\/\/www.surselva.info\/Greina\" target=\"_blank\">Greina-Hochebene<\/a> erinnerte.<\/p>\n\n\n\n<figure class=\"wp-block-image size-full\"><a href=\"https:\/\/vielzutun.ch\/wordpress\/wp-content\/uploads\/2022\/08\/Greina-scaled.jpg\" target=\"_blank\" rel=\"noreferrer noopener\"><img loading=\"lazy\" decoding=\"async\" width=\"2560\" height=\"1920\" src=\"https:\/\/vielzutun.ch\/wordpress\/wp-content\/uploads\/2022\/08\/Greina-scaled.jpg\" alt=\"\" class=\"wp-image-8834\" srcset=\"https:\/\/vielzutun.ch\/wordpress\/wp-content\/uploads\/2022\/08\/Greina-scaled.jpg 2560w, https:\/\/vielzutun.ch\/wordpress\/wp-content\/uploads\/2022\/08\/Greina-300x225.jpg 300w\" sizes=\"auto, (max-width: 709px) 85vw, (max-width: 909px) 67vw, (max-width: 1362px) 62vw, 840px\" \/><\/a><figcaption>Hochebene zwischen Bivio und Septimer-Passh\u00f6he<\/figcaption><\/figure>\n\n\n\n<p>Bei etwa 2&#8217;200 m.\u00fc.M. war der erste Strich auf der f\u00fcnfteiligen Balkenanzeige der verbleibenden Akkukapazit\u00e4t verbraucht. <\/p>\n\n\n\n<p>Kurz darauf war die Passh\u00f6he erreicht. Ich staunte nicht schlecht dort, auf \u00fcber 2&#8217;300 m.\u00fc.M. noch K\u00fche anzutreffen, w\u00e4hrend bei uns in Appenzell Innerrhoden schon ab Mitte August an den Alpabtrieb gedacht wird. W\u00e4hrend ich noch nach einer passenden Position f\u00fcr das obligatorische Selfie suchte, mit mir, der Wegmarke und gerne ein paar K\u00fchen im Hintergrund &#8230;<\/p>\n\n\n\n<figure class=\"wp-block-image size-full\"><img loading=\"lazy\" decoding=\"async\" width=\"2560\" height=\"1920\" src=\"https:\/\/vielzutun.ch\/wordpress\/wp-content\/uploads\/2022\/08\/IMG_0691-scaled.jpg\" alt=\"\" class=\"wp-image-8803\" srcset=\"https:\/\/vielzutun.ch\/wordpress\/wp-content\/uploads\/2022\/08\/IMG_0691-scaled.jpg 2560w, https:\/\/vielzutun.ch\/wordpress\/wp-content\/uploads\/2022\/08\/IMG_0691-300x225.jpg 300w\" sizes=\"auto, (max-width: 709px) 85vw, (max-width: 909px) 67vw, (max-width: 1362px) 62vw, 840px\" \/><figcaption>Ankunft auf dem Septimerpass, 2&#8217;310 m.\u00fc.M.<\/figcaption><\/figure>\n\n\n\n<p><\/p>\n\n\n\n<p>&#8230; scharten sich die &#171;Groupies&#187; bereits um mein Bike. Ein besonders freches und respektloses Exemplar hatte sogar damit angefangen, das grobe Profil meines Vorderrads als Kratzb\u00fcrste zweck-zu-entfremden.<\/p>\n\n\n\n<figure class=\"wp-block-image size-full\"><a href=\"https:\/\/vielzutun.ch\/wordpress\/wp-content\/uploads\/2022\/08\/Kratzbu\u0308rste-scaled.jpg\"><img loading=\"lazy\" decoding=\"async\" width=\"2560\" height=\"1920\" src=\"https:\/\/vielzutun.ch\/wordpress\/wp-content\/uploads\/2022\/08\/Kratzbu\u0308rste-scaled.jpg\" alt=\"\" class=\"wp-image-8805\" srcset=\"https:\/\/vielzutun.ch\/wordpress\/wp-content\/uploads\/2022\/08\/Kratzbu\u0308rste-scaled.jpg 2560w, https:\/\/vielzutun.ch\/wordpress\/wp-content\/uploads\/2022\/08\/Kratzbu\u0308rste-300x225.jpg 300w\" sizes=\"auto, (max-width: 709px) 85vw, (max-width: 909px) 67vw, (max-width: 1362px) 62vw, 840px\" \/><\/a><figcaption>Ein wenig mehr Respekt, bitte!!<\/figcaption><\/figure>\n\n\n\n<p><\/p>\n\n\n\n<p>Da musste ich dann doch einschreiten, damit der Carbon-Rahmen meines Bikes beim absehbaren Umfaller nicht auf die Steine geknallt w\u00e4re. Weiter gings durch nunmehr deutlich rustikaleres Terrain. Die bisherige Fahrspur verlor sich bald in einem Single Trail, und gelegentlich konnte man Spuren der urspr\u00fcnglichen gepflasterten R\u00f6merstrasse erahnen.<\/p>\n\n\n\n<figure class=\"wp-block-image size-full\"><a href=\"https:\/\/vielzutun.ch\/wordpress\/wp-content\/uploads\/2022\/08\/Brueggli-scaled.jpg\"><img loading=\"lazy\" decoding=\"async\" width=\"2560\" height=\"1920\" src=\"https:\/\/vielzutun.ch\/wordpress\/wp-content\/uploads\/2022\/08\/Brueggli-scaled.jpg\" alt=\"\" class=\"wp-image-8817\" srcset=\"https:\/\/vielzutun.ch\/wordpress\/wp-content\/uploads\/2022\/08\/Brueggli-scaled.jpg 2560w, https:\/\/vielzutun.ch\/wordpress\/wp-content\/uploads\/2022\/08\/Brueggli-300x225.jpg 300w\" sizes=\"auto, (max-width: 709px) 85vw, (max-width: 909px) 67vw, (max-width: 1362px) 62vw, 840px\" \/><\/a><figcaption>Eine offensichtlich erst j\u00fcngst restaurierte\/wiederhergestellte Br\u00fccke in Single-Trail Breite<\/figcaption><\/figure>\n\n\n\n<p><\/p>\n\n\n\n<p>Der Trail wurde nun markant ruppiger. Mit Natursteinpflaster befestigte Abschnitte waren oft nur wenig ebener als die unbefestigte Wildnis. <\/p>\n\n\n\n<figure class=\"wp-block-image size-full\"><a href=\"https:\/\/vielzutun.ch\/wordpress\/wp-content\/uploads\/2022\/08\/Pflaster-scaled.jpg\"><img loading=\"lazy\" decoding=\"async\" width=\"2560\" height=\"1920\" src=\"https:\/\/vielzutun.ch\/wordpress\/wp-content\/uploads\/2022\/08\/Pflaster-scaled.jpg\" alt=\"\" class=\"wp-image-8828\" srcset=\"https:\/\/vielzutun.ch\/wordpress\/wp-content\/uploads\/2022\/08\/Pflaster-scaled.jpg 2560w, https:\/\/vielzutun.ch\/wordpress\/wp-content\/uploads\/2022\/08\/Pflaster-300x225.jpg 300w\" sizes=\"auto, (max-width: 709px) 85vw, (max-width: 909px) 67vw, (max-width: 1362px) 62vw, 840px\" \/><\/a><figcaption>In den 1990ern restauriertes Teilst\u00fcck der gepflasterten R\u00f6merstrasse<\/figcaption><\/figure>\n\n\n\n<p>Es folgten diverse Bach-\u00dcberquerungen, Ger\u00f6llfeldquerungen sowie (f\u00fcr mein Fahrk\u00f6nnen) sehr anspruchsvolle Spitzkehren in steilem Gel\u00e4nde. Insofern bin ich mit der eingangs erw\u00e4hnten Klassifizierung von Schweizmobil.ch v\u00f6llig im Reinen:<\/p>\n\n\n\n<blockquote class=\"wp-block-quote is-layout-flow wp-block-quote-is-layout-flow\"><p>&#8230; verlangt selbst besten Bikern alles ab. Tragepassagen sind hier unausweichlich.<\/p><cite><a rel=\"noreferrer noopener\" href=\"https:\/\/www.schweizmobil.ch\/de\/mountainbikeland\/route\/etappe-01024.html\" target=\"_blank\">schweizmobil.ch<\/a><\/cite><\/blockquote>\n\n\n\n<p>Allen evtl. Nachahmern kann ich allerdings w\u00e4rmstens empfehlen, die &#171;unausweichlichen Trage- bzw. Schiebepassagen&#187; so wie ich &#8211; bergab, also mit Schwerkraftunterst\u00fctzung, anstatt bergauf, mit Schwerkraftbehinderung &#8211; zu bew\u00e4ltigen. Also: die Etappe von Bivio in Richtung Casaccio zu unternehmen.<\/p>\n\n\n\n<figure class=\"wp-block-image size-full\"><a href=\"https:\/\/vielzutun.ch\/wordpress\/wp-content\/uploads\/2022\/08\/Bachquerung.jpg\"><img decoding=\"async\" src=\"https:\/\/vielzutun.ch\/wordpress\/wp-content\/uploads\/2022\/08\/Bachquerung.jpg\" alt=\"\" class=\"wp-image-8837\"\/><\/a><figcaption>Wenn man sich traut, ist eine Querung auch ohne Fu\u00dfkontakt mit dem Boden bei diesem Wasserstand im Grunde nicht schwierig.<\/figcaption><\/figure>\n\n\n\n<figure class=\"wp-block-image size-full\"><a href=\"https:\/\/vielzutun.ch\/wordpress\/wp-content\/uploads\/2022\/08\/Gero\u0308llfeld.jpg\"><img decoding=\"async\" src=\"https:\/\/vielzutun.ch\/wordpress\/wp-content\/uploads\/2022\/08\/Gero\u0308llfeld.jpg\" alt=\"\" class=\"wp-image-8839\"\/><\/a><figcaption>Eine der besser fahrbaren Ger\u00f6llfeldquerungen<\/figcaption><\/figure>\n\n\n\n<p>Allm\u00e4hlich geriet die Zivilisation in Form eines Naturbelag-Fahrwegs wieder in Sichtweite, und exakt bei der Einm\u00fcndung des Single Trails, bei etwa 1&#8217;800 m.\u00fc.M., hatte jemand passenderweise ein Selbstbedienungs-Kiosk installiert: eine M\u00f6rtelwanne aus dem Baumarkt, mit kaltem Bachwasser gef\u00fcllt, in der die Getr\u00e4nkeflaschen sch\u00f6n k\u00fchl gehalten wurden. Als &#171;Ch\u00e4sseli&#187; war ein Marmeladenglas mit Schraubverschluss mit einer Drahtschlaufe montiert. Sch\u00f6n, da\u00df so etwas in der Schweiz einfach funktioniert! CHF 5.00 f\u00fcr einen halben Liter Radler (Ehrensache!) fand ich in der Situation jedenfalls v\u00f6llig angemessen. <\/p>\n\n\n\n<figure class=\"wp-block-image size-large\"><a href=\"https:\/\/vielzutun.ch\/wordpress\/wp-content\/uploads\/2022\/08\/Kiosk.jpg\"><img loading=\"lazy\" decoding=\"async\" width=\"1024\" height=\"768\" src=\"https:\/\/vielzutun.ch\/wordpress\/wp-content\/uploads\/2022\/08\/Kiosk-1024x768.jpg\" alt=\"\" class=\"wp-image-8843\" srcset=\"https:\/\/vielzutun.ch\/wordpress\/wp-content\/uploads\/2022\/08\/Kiosk-1024x768.jpg 1024w, https:\/\/vielzutun.ch\/wordpress\/wp-content\/uploads\/2022\/08\/Kiosk-300x225.jpg 300w, https:\/\/vielzutun.ch\/wordpress\/wp-content\/uploads\/2022\/08\/Kiosk-768x576.jpg 768w, https:\/\/vielzutun.ch\/wordpress\/wp-content\/uploads\/2022\/08\/Kiosk-1536x1152.jpg 1536w, https:\/\/vielzutun.ch\/wordpress\/wp-content\/uploads\/2022\/08\/Kiosk-1200x900.jpg 1200w, https:\/\/vielzutun.ch\/wordpress\/wp-content\/uploads\/2022\/08\/Kiosk.jpg 2048w\" sizes=\"auto, (max-width: 709px) 85vw, (max-width: 909px) 67vw, (max-width: 1362px) 62vw, 840px\" \/><\/a><figcaption>Sch\u00f6nes Willkommen im Bergell, in Reichweite der Zivilisation<\/figcaption><\/figure>\n\n\n\n<p>Um H\u00f6he, und damit Akkukapazit\u00e4t zu sparen, liess ich Casaccia rechts liegen und folgte den Wald- und Wiesenwegen bis zur <a rel=\"noreferrer noopener\" href=\"https:\/\/www.bregaglia.ch\/de\/san-gaudenzio\" target=\"_blank\">Ruine der Kirche San Gaudenzio<\/a>, &#8230;<\/p>\n\n\n\n<figure class=\"wp-block-image size-large\"><a href=\"https:\/\/vielzutun.ch\/wordpress\/wp-content\/uploads\/2022\/08\/Gaudenzio-scaled.jpg\"><img loading=\"lazy\" decoding=\"async\" width=\"1024\" height=\"683\" src=\"https:\/\/vielzutun.ch\/wordpress\/wp-content\/uploads\/2022\/08\/Gaudenzio-1024x683.jpg\" alt=\"\" class=\"wp-image-8862\" srcset=\"https:\/\/vielzutun.ch\/wordpress\/wp-content\/uploads\/2022\/08\/Gaudenzio-1024x683.jpg 1024w, https:\/\/vielzutun.ch\/wordpress\/wp-content\/uploads\/2022\/08\/Gaudenzio-300x200.jpg 300w, https:\/\/vielzutun.ch\/wordpress\/wp-content\/uploads\/2022\/08\/Gaudenzio-768x512.jpg 768w, https:\/\/vielzutun.ch\/wordpress\/wp-content\/uploads\/2022\/08\/Gaudenzio-1536x1024.jpg 1536w, https:\/\/vielzutun.ch\/wordpress\/wp-content\/uploads\/2022\/08\/Gaudenzio-2048x1365.jpg 2048w, https:\/\/vielzutun.ch\/wordpress\/wp-content\/uploads\/2022\/08\/Gaudenzio-1200x800.jpg 1200w\" sizes=\"auto, (max-width: 709px) 85vw, (max-width: 909px) 67vw, (max-width: 1362px) 62vw, 840px\" \/><\/a><\/figure>\n\n\n\n<p><\/p>\n\n\n\n<p>&#8230; wo ich bei etwa 1&#8217;520 m.\u00fc.M. auf das untere Ende der Maloja-Passstrasse traf. Dieser folgte ich auf Asphalt bis aufs Niveau der Oberengadiner Seen mit rund 1&#8217;800 m.\u00fc.M.. Der Kontrast zur kargen Passlandschaft war umwerfend:<\/p>\n\n\n\n<figure class=\"wp-block-image size-large\"><a href=\"https:\/\/vielzutun.ch\/wordpress\/wp-content\/uploads\/2022\/08\/Oberengadin-scaled.jpg\"><img loading=\"lazy\" decoding=\"async\" width=\"1024\" height=\"683\" src=\"https:\/\/vielzutun.ch\/wordpress\/wp-content\/uploads\/2022\/08\/Oberengadin-1024x683.jpg\" alt=\"\" class=\"wp-image-8858\" srcset=\"https:\/\/vielzutun.ch\/wordpress\/wp-content\/uploads\/2022\/08\/Oberengadin-1024x683.jpg 1024w, https:\/\/vielzutun.ch\/wordpress\/wp-content\/uploads\/2022\/08\/Oberengadin-300x200.jpg 300w, https:\/\/vielzutun.ch\/wordpress\/wp-content\/uploads\/2022\/08\/Oberengadin-768x512.jpg 768w, https:\/\/vielzutun.ch\/wordpress\/wp-content\/uploads\/2022\/08\/Oberengadin-1536x1024.jpg 1536w, https:\/\/vielzutun.ch\/wordpress\/wp-content\/uploads\/2022\/08\/Oberengadin-2048x1365.jpg 2048w, https:\/\/vielzutun.ch\/wordpress\/wp-content\/uploads\/2022\/08\/Oberengadin-1200x800.jpg 1200w\" sizes=\"auto, (max-width: 709px) 85vw, (max-width: 909px) 67vw, (max-width: 1362px) 62vw, 840px\" \/><\/a><figcaption>Blick vom Ortsrand von Maloja ins Engadin &#8211; in der Bildmitte der Silsersee<\/figcaption><\/figure>\n\n\n\n<p><\/p>\n\n\n\n<p>Wenn ich mich richtig erinnere, waren im Display meines E-Bikes an dieser Stelle immer noch drei von f\u00fcnf Balken verbleibender Akku-Kapazit\u00e4t sichtbar. Und so fasste ich den Entschluss, mit weiterhin Akku-schonender Fahrweise den Julierpass auf eigener Achse zu \u00fcberqueren und auf einen weiteren PostAuto-Transport zu verzichten. Abweichend von der Routenf\u00fchrung der MTB-Route 1 (auf Schweizmobil) w\u00e4hlte ich, soweit m\u00f6glich, ufernahe Wege die ich mir mit zahlreichen Spazierg\u00e4ngern, Wanderern und anderen Bikern teilen musste. Aber bei r\u00fccksichtsvoller Fahrweise, inklusive Anhalten meinerseits um Wanderern an Engstellen den Vortritt zu lassen, war das \u00fcberhaupt kein Problem und stiess \u00fcberall auf Wohlwollen. In H\u00f6he von Silvaplana wechselte ich von der S\u00fcdost- auf die Nordwestseite der Seen, um die Rampe des Julierpasses in Angriff zu nehmen.<\/p>\n\n\n\n<p>Inzwischen war die Kapazit\u00e4tsanzeige im Display auf zwei Balken geschrumpft.<\/p>\n\n\n\n<p> Da ich von Silvaplana bis zur Julier-Passh\u00f6he nur rund 450 H\u00f6henmeter zu bew\u00e4ltigen hatte, sollte das immer noch ausreichen. Und so d\u00f6ste ich relativ gem\u00e4chlich die Passstrasse hoch, als von hinten ein Bio-Biker auf mich auflief und an mir vorbei zog.<\/p>\n\n\n\n<figure class=\"wp-block-image size-large\"><img loading=\"lazy\" decoding=\"async\" width=\"1024\" height=\"683\" src=\"https:\/\/vielzutun.ch\/wordpress\/wp-content\/uploads\/2022\/08\/Julier-1024x683.jpg\" alt=\"\" class=\"wp-image-8863\" srcset=\"https:\/\/vielzutun.ch\/wordpress\/wp-content\/uploads\/2022\/08\/Julier-1024x683.jpg 1024w, https:\/\/vielzutun.ch\/wordpress\/wp-content\/uploads\/2022\/08\/Julier-300x200.jpg 300w, https:\/\/vielzutun.ch\/wordpress\/wp-content\/uploads\/2022\/08\/Julier-768x512.jpg 768w, https:\/\/vielzutun.ch\/wordpress\/wp-content\/uploads\/2022\/08\/Julier-1536x1024.jpg 1536w, https:\/\/vielzutun.ch\/wordpress\/wp-content\/uploads\/2022\/08\/Julier-2048x1365.jpg 2048w, https:\/\/vielzutun.ch\/wordpress\/wp-content\/uploads\/2022\/08\/Julier-1200x800.jpg 1200w\" sizes=\"auto, (max-width: 709px) 85vw, (max-width: 909px) 67vw, (max-width: 1362px) 62vw, 840px\" \/><figcaption>Unterwegs auf der Engadiner Seite des Julierpasses<\/figcaption><\/figure>\n\n\n\n<p><\/p>\n\n\n\n<p>Da habe ich mich dann motivieren lassen, mit erh\u00f6htem Einsatz eigener Muskelarbeit noch eine Weile an ihm dran zu bleiben. Aber als ein flacherer Abschnitt erreicht war und der Bio-Biker das Tempo auf mehr als 25 km\/h erh\u00f6hen konnte, musste ich ihn ziehen lassen.<\/p>\n\n\n\n<p>Bereits in Sichtweite des <a rel=\"noreferrer noopener\" href=\"https:\/\/www.derstandard.at\/story\/2000062551164\/theaterturm-am-julierpass-blutroter-wahnsinnsbau\" target=\"_blank\">Julierturms<\/a> verschwand dann auch noch der vorletzte Balken aus dem Display. Aber nun wusste ich, da\u00df ich ohne \u00d6V wieder das Hotel in Savognin erreichen w\u00fcrde.<\/p>\n\n\n\n<p>Die Abfahrt nach Bivio verlief rasant &#8211; zwischenzeitlich hatte ich trotz heftigen Gegenwinds 70+ km\/h auf dem Tacho. Ich glaube, gelegentlich hatten auch die \u00e4usseren Reihen der Profilbl\u00f6cke meiner Reifen Asphaltkontakt.<\/p>\n\n\n\n<p><a href=\"https:\/\/map.schweizmobil.ch\/?lang=de&amp;photos=yes&amp;logo=yes&amp;detours=yes&amp;season=summer&amp;bgLayer=pk&amp;resolution=19.65&amp;E=2773220&amp;N=1151430&amp;trackId=786058480\" target=\"_blank\" rel=\"noreferrer noopener\">Hier<\/a> nun die gesamte Tour und deren Eckdaten:<\/p>\n\n\n\n<ul class=\"wp-block-list\"><li>65 km Distanz<\/li><li>1&#8217;740 m Aufstieg,<\/li><li>2&#8217;300 m Abstieg<\/li><\/ul>\n\n\n\n<p><\/p>\n\n\n\n<figure class=\"wp-block-image size-full\"><a href=\"https:\/\/map.schweizmobil.ch\/?lang=de&amp;photos=yes&amp;logo=yes&amp;detours=yes&amp;season=summer&amp;bgLayer=pk&amp;resolution=19.65&amp;E=2773220&amp;N=1151430&amp;trackId=786058480\"><img loading=\"lazy\" decoding=\"async\" width=\"2560\" height=\"2018\" src=\"https:\/\/vielzutun.ch\/wordpress\/wp-content\/uploads\/2022\/08\/Gesamt-1-scaled.jpg\" alt=\"\" class=\"wp-image-8874\" srcset=\"https:\/\/vielzutun.ch\/wordpress\/wp-content\/uploads\/2022\/08\/Gesamt-1-scaled.jpg 2560w, https:\/\/vielzutun.ch\/wordpress\/wp-content\/uploads\/2022\/08\/Gesamt-1-300x237.jpg 300w\" sizes=\"auto, (max-width: 709px) 85vw, (max-width: 909px) 67vw, (max-width: 1362px) 62vw, 840px\" \/><\/a><figcaption>Klicken f\u00fcr eine zoombare Kartenansicht<\/figcaption><\/figure>\n\n\n\n<p><\/p>\n\n\n\n<p>Der Akku hat \u00fcbrigens bis zum Schluss durchgehalten &#8211; ich konnte mir sogar auf den letzten Kilometern noch &#171;Turbo&#187;-Unterst\u00fctzung g\u00f6nnen, um einsetzendem Nieselregen zu entkommen.<\/p>\n","protected":false},"excerpt":{"rendered":"<p>Inzwischen habe ich mein E-Bike schon \u00fcber ein Jahr, und erst jetzt habe ich eine Tour absolviert, von der ich annehme, da\u00df sich auch Andere daf\u00fcr interessieren k\u00f6nnten: die \u00dcberquerung des Septimerpasses mit dem E-Bike. Der bereits seit dem 9. Jahrhundert verzeichnete Ortsname &#171;Bivio&#187; im Oberhalbstein (Surses) GB deutet auf eine Weggabelung hin, hier zwischen &hellip; <a href=\"https:\/\/vielzutun.ch\/wordpress\/?p=8760\" class=\"more-link\"><span class=\"screen-reader-text\">&#8220;Septimerpass mit dem E-Bike&#8221; <\/span>weiterlesen<\/a><\/p>\n","protected":false},"author":3,"featured_media":0,"comment_status":"open","ping_status":"open","sticky":false,"template":"","format":"standard","meta":{"_stc_notifier_status":"","_stc_notifier_sent_time":"","_stc_notifier_request":false,"_stc_notifier_prevent":false,"_stc_subscriber_keywords":"","_stc_subscriber_search_areas":"","footnotes":""},"categories":[23],"tags":[91,168,167,194,193,192],"class_list":["post-8760","post","type-post","status-publish","format-standard","hentry","category-biken","tag-e-bike","tag-e-mountainbike","tag-e-mtb","tag-julierpass","tag-malojapass","tag-septimerpass"],"_links":{"self":[{"href":"https:\/\/vielzutun.ch\/wordpress\/index.php?rest_route=\/wp\/v2\/posts\/8760","targetHints":{"allow":["GET"]}}],"collection":[{"href":"https:\/\/vielzutun.ch\/wordpress\/index.php?rest_route=\/wp\/v2\/posts"}],"about":[{"href":"https:\/\/vielzutun.ch\/wordpress\/index.php?rest_route=\/wp\/v2\/types\/post"}],"author":[{"embeddable":true,"href":"https:\/\/vielzutun.ch\/wordpress\/index.php?rest_route=\/wp\/v2\/users\/3"}],"replies":[{"embeddable":true,"href":"https:\/\/vielzutun.ch\/wordpress\/index.php?rest_route=%2Fwp%2Fv2%2Fcomments&post=8760"}],"version-history":[{"count":78,"href":"https:\/\/vielzutun.ch\/wordpress\/index.php?rest_route=\/wp\/v2\/posts\/8760\/revisions"}],"predecessor-version":[{"id":8879,"href":"https:\/\/vielzutun.ch\/wordpress\/index.php?rest_route=\/wp\/v2\/posts\/8760\/revisions\/8879"}],"wp:attachment":[{"href":"https:\/\/vielzutun.ch\/wordpress\/index.php?rest_route=%2Fwp%2Fv2%2Fmedia&parent=8760"}],"wp:term":[{"taxonomy":"category","embeddable":true,"href":"https:\/\/vielzutun.ch\/wordpress\/index.php?rest_route=%2Fwp%2Fv2%2Fcategories&post=8760"},{"taxonomy":"post_tag","embeddable":true,"href":"https:\/\/vielzutun.ch\/wordpress\/index.php?rest_route=%2Fwp%2Fv2%2Ftags&post=8760"}],"curies":[{"name":"wp","href":"https:\/\/api.w.org\/{rel}","templated":true}]}}