{"id":1826,"date":"2019-05-28T12:08:12","date_gmt":"2019-05-28T10:08:12","guid":{"rendered":"https:\/\/vielzutun.ch\/wordpress\/?p=1826"},"modified":"2019-05-28T18:35:54","modified_gmt":"2019-05-28T16:35:54","slug":"fruechtekorb-wird-wollkorb","status":"publish","type":"post","link":"https:\/\/vielzutun.ch\/wordpress\/?p=1826","title":{"rendered":"Fr\u00fcchtekorb wird Wollkorb"},"content":{"rendered":"\n<p>Im Altersheim gibt es immer sehr viele Wollreste. Was k\u00f6nnte man damit machen? Einfach entsorgen m\u00f6chte man diese ja nicht. <\/p>\n\n\n\n<figure class=\"wp-block-image\"><a href=\"https:\/\/vielzutun.ch\/wordpress\/wp-content\/uploads\/2019\/05\/9-1.jpg\"><img loading=\"lazy\" decoding=\"async\" width=\"1024\" height=\"682\" src=\"https:\/\/vielzutun.ch\/wordpress\/wp-content\/uploads\/2019\/05\/9-1-1024x682.jpg\" alt=\"\" class=\"wp-image-1824\" srcset=\"https:\/\/vielzutun.ch\/wordpress\/wp-content\/uploads\/2019\/05\/9-1-1024x682.jpg 1024w, https:\/\/vielzutun.ch\/wordpress\/wp-content\/uploads\/2019\/05\/9-1-300x200.jpg 300w, https:\/\/vielzutun.ch\/wordpress\/wp-content\/uploads\/2019\/05\/9-1-768x512.jpg 768w, https:\/\/vielzutun.ch\/wordpress\/wp-content\/uploads\/2019\/05\/9-1-1200x800.jpg 1200w, https:\/\/vielzutun.ch\/wordpress\/wp-content\/uploads\/2019\/05\/9-1.jpg 1280w\" sizes=\"auto, (max-width: 709px) 85vw, (max-width: 909px) 67vw, (max-width: 1362px) 62vw, 840px\" \/><\/a><figcaption>Abenteuerspielplatz f\u00fcr Katzen \ud83e\udd23<\/figcaption><\/figure>\n\n\n\n<p>Eine bunte Tagesdecke w\u00e4re doch eine Idee! Aber wohin mit all den Wollresten, die ich inzwischen mit nach Hause genommen hatte?<\/p>\n\n\n\n<p>Wir hatten doch da mal einen Fr\u00fcchtekorb geschenkt bekommen, den k\u00f6nnte man dazu verwenden. Gesagt, getan. Leider ragen die abgeschnittenen Weiden heraus und das ist nicht gut f\u00fcr die Wolle. Also wird das Problem mit einem Handtuch angegangen.<\/p>\n\n\n\n<figure class=\"wp-block-image\"><a href=\"https:\/\/vielzutun.ch\/wordpress\/wp-content\/uploads\/2019\/05\/4-1.jpg\"><img loading=\"lazy\" decoding=\"async\" width=\"1024\" height=\"682\" src=\"https:\/\/vielzutun.ch\/wordpress\/wp-content\/uploads\/2019\/05\/4-1-1024x682.jpg\" alt=\"\" class=\"wp-image-1819\" srcset=\"https:\/\/vielzutun.ch\/wordpress\/wp-content\/uploads\/2019\/05\/4-1-1024x682.jpg 1024w, https:\/\/vielzutun.ch\/wordpress\/wp-content\/uploads\/2019\/05\/4-1-300x200.jpg 300w, https:\/\/vielzutun.ch\/wordpress\/wp-content\/uploads\/2019\/05\/4-1-768x512.jpg 768w, https:\/\/vielzutun.ch\/wordpress\/wp-content\/uploads\/2019\/05\/4-1-1200x800.jpg 1200w, https:\/\/vielzutun.ch\/wordpress\/wp-content\/uploads\/2019\/05\/4-1.jpg 1280w\" sizes=\"auto, (max-width: 709px) 85vw, (max-width: 909px) 67vw, (max-width: 1362px) 62vw, 840px\" \/><\/a><figcaption>Ziemlich unsch\u00f6nes Bild \ud83d\ude23<\/figcaption><\/figure>\n\n\n\n<p>Aber das war einfach so stillos und hat mich immer wieder ge\u00e4rgert. Dann habe ich in Pinterest per Zufall geh\u00e4kelte K\u00f6rbe entdeckt und das war der Startschuss f\u00fcr die Korbh\u00fclle. Ich hatte noch einen Posten &#171;Vento&#187; von Lana Grossa. Der w\u00fcrde sich wunderbar daf\u00fcr eignen.<\/p>\n\n\n\n<ul class=\"wp-block-gallery columns-3 is-cropped wp-block-gallery-1 is-layout-flex wp-block-gallery-is-layout-flex\"><li class=\"blocks-gallery-item\"><figure><a href=\"https:\/\/vielzutun.ch\/wordpress\/wp-content\/uploads\/2019\/05\/1-2-1024x682.jpg\"><img loading=\"lazy\" decoding=\"async\" width=\"1024\" height=\"682\" src=\"https:\/\/vielzutun.ch\/wordpress\/wp-content\/uploads\/2019\/05\/1-2-1024x682.jpg\" alt=\"\" data-id=\"1816\" data-link=\"https:\/\/vielzutun.ch\/wordpress\/?attachment_id=1816\" class=\"wp-image-1816\" srcset=\"https:\/\/vielzutun.ch\/wordpress\/wp-content\/uploads\/2019\/05\/1-2-1024x682.jpg 1024w, https:\/\/vielzutun.ch\/wordpress\/wp-content\/uploads\/2019\/05\/1-2-300x200.jpg 300w, https:\/\/vielzutun.ch\/wordpress\/wp-content\/uploads\/2019\/05\/1-2-768x512.jpg 768w, https:\/\/vielzutun.ch\/wordpress\/wp-content\/uploads\/2019\/05\/1-2-1200x800.jpg 1200w, https:\/\/vielzutun.ch\/wordpress\/wp-content\/uploads\/2019\/05\/1-2.jpg 1280w\" sizes=\"auto, (max-width: 709px) 85vw, (max-width: 909px) 67vw, (max-width: 1362px) 62vw, 840px\" \/><\/a><figcaption>Start<\/figcaption><\/figure><\/li><li class=\"blocks-gallery-item\"><figure><a href=\"https:\/\/vielzutun.ch\/wordpress\/wp-content\/uploads\/2019\/05\/2-2-1024x682.jpg\"><img loading=\"lazy\" decoding=\"async\" width=\"1024\" height=\"682\" src=\"https:\/\/vielzutun.ch\/wordpress\/wp-content\/uploads\/2019\/05\/2-2-1024x682.jpg\" alt=\"\" data-id=\"1817\" data-link=\"https:\/\/vielzutun.ch\/wordpress\/?attachment_id=1817\" class=\"wp-image-1817\" srcset=\"https:\/\/vielzutun.ch\/wordpress\/wp-content\/uploads\/2019\/05\/2-2-1024x682.jpg 1024w, https:\/\/vielzutun.ch\/wordpress\/wp-content\/uploads\/2019\/05\/2-2-300x200.jpg 300w, https:\/\/vielzutun.ch\/wordpress\/wp-content\/uploads\/2019\/05\/2-2-768x512.jpg 768w, https:\/\/vielzutun.ch\/wordpress\/wp-content\/uploads\/2019\/05\/2-2-1200x800.jpg 1200w, https:\/\/vielzutun.ch\/wordpress\/wp-content\/uploads\/2019\/05\/2-2.jpg 1280w\" sizes=\"auto, (max-width: 709px) 85vw, (max-width: 909px) 67vw, (max-width: 1362px) 62vw, 840px\" \/><\/a><figcaption>Es w\u00e4chst &#8230;<\/figcaption><\/figure><\/li><li class=\"blocks-gallery-item\"><figure><a href=\"https:\/\/vielzutun.ch\/wordpress\/wp-content\/uploads\/2019\/05\/6-1-1024x682.jpg\"><img loading=\"lazy\" decoding=\"async\" width=\"1024\" height=\"682\" src=\"https:\/\/vielzutun.ch\/wordpress\/wp-content\/uploads\/2019\/05\/6-1-1024x682.jpg\" alt=\"\" data-id=\"1821\" data-link=\"https:\/\/vielzutun.ch\/wordpress\/?attachment_id=1821\" class=\"wp-image-1821\" srcset=\"https:\/\/vielzutun.ch\/wordpress\/wp-content\/uploads\/2019\/05\/6-1-1024x682.jpg 1024w, https:\/\/vielzutun.ch\/wordpress\/wp-content\/uploads\/2019\/05\/6-1-300x200.jpg 300w, https:\/\/vielzutun.ch\/wordpress\/wp-content\/uploads\/2019\/05\/6-1-768x512.jpg 768w, https:\/\/vielzutun.ch\/wordpress\/wp-content\/uploads\/2019\/05\/6-1-1200x800.jpg 1200w, https:\/\/vielzutun.ch\/wordpress\/wp-content\/uploads\/2019\/05\/6-1.jpg 1280w\" sizes=\"auto, (max-width: 709px) 85vw, (max-width: 909px) 67vw, (max-width: 1362px) 62vw, 840px\" \/><\/a><figcaption>&#8230; und w\u00e4chst &#8230;<\/figcaption><\/figure><\/li><\/ul>\n\n\n\n<p>Schnell waren die ersten Runden geh\u00e4kelt. Ich habe die Aufnahmen immer am gleichen Ort gemacht, dadurch entsteht ein Sechseck. Bei diesem Korb st\u00f6rt das aber \u00fcberhaupt nicht, da die H\u00fclle problemlos eingepasst werden kann. Bei glatter Fl\u00e4che m\u00fcsste auf die Rundung geachtet werden.<\/p>\n\n\n\n<ul class=\"wp-block-gallery columns-2 is-cropped wp-block-gallery-2 is-layout-flex wp-block-gallery-is-layout-flex\"><li class=\"blocks-gallery-item\"><figure><a href=\"https:\/\/vielzutun.ch\/wordpress\/wp-content\/uploads\/2019\/05\/7-1-1024x682.jpg\"><img loading=\"lazy\" decoding=\"async\" width=\"1024\" height=\"682\" src=\"https:\/\/vielzutun.ch\/wordpress\/wp-content\/uploads\/2019\/05\/7-1-1024x682.jpg\" alt=\"\" data-id=\"1822\" data-link=\"https:\/\/vielzutun.ch\/wordpress\/?attachment_id=1822\" class=\"wp-image-1822\" srcset=\"https:\/\/vielzutun.ch\/wordpress\/wp-content\/uploads\/2019\/05\/7-1-1024x682.jpg 1024w, https:\/\/vielzutun.ch\/wordpress\/wp-content\/uploads\/2019\/05\/7-1-300x200.jpg 300w, https:\/\/vielzutun.ch\/wordpress\/wp-content\/uploads\/2019\/05\/7-1-768x512.jpg 768w, https:\/\/vielzutun.ch\/wordpress\/wp-content\/uploads\/2019\/05\/7-1-1200x800.jpg 1200w, https:\/\/vielzutun.ch\/wordpress\/wp-content\/uploads\/2019\/05\/7-1.jpg 1280w\" sizes=\"auto, (max-width: 709px) 85vw, (max-width: 909px) 67vw, (max-width: 1362px) 62vw, 840px\" \/><\/a><figcaption>&#8230; und fertig<\/figcaption><\/figure><\/li><li class=\"blocks-gallery-item\"><figure><a href=\"https:\/\/vielzutun.ch\/wordpress\/wp-content\/uploads\/2019\/05\/8-1-1024x682.jpg\"><img loading=\"lazy\" decoding=\"async\" width=\"1024\" height=\"682\" src=\"https:\/\/vielzutun.ch\/wordpress\/wp-content\/uploads\/2019\/05\/8-1-1024x682.jpg\" alt=\"\" data-id=\"1823\" data-link=\"https:\/\/vielzutun.ch\/wordpress\/?attachment_id=1823\" class=\"wp-image-1823\" srcset=\"https:\/\/vielzutun.ch\/wordpress\/wp-content\/uploads\/2019\/05\/8-1-1024x682.jpg 1024w, https:\/\/vielzutun.ch\/wordpress\/wp-content\/uploads\/2019\/05\/8-1-300x200.jpg 300w, https:\/\/vielzutun.ch\/wordpress\/wp-content\/uploads\/2019\/05\/8-1-768x512.jpg 768w, https:\/\/vielzutun.ch\/wordpress\/wp-content\/uploads\/2019\/05\/8-1-1200x800.jpg 1200w, https:\/\/vielzutun.ch\/wordpress\/wp-content\/uploads\/2019\/05\/8-1.jpg 1280w\" sizes=\"auto, (max-width: 709px) 85vw, (max-width: 909px) 67vw, (max-width: 1362px) 62vw, 840px\" \/><\/a><figcaption>Rand sitzt perfekt<\/figcaption><\/figure><\/li><\/ul>\n\n\n\n<p>War eine l\u00e4ssige Arbeit und das Ergebnis hat mich \u00fcberzeugt , denn jetzt kann ich den Korb fast als kleine Deko im Wohnzimmer stehen lassen.<\/p>\n\n\n\n<figure class=\"wp-block-image\"><a href=\"https:\/\/vielzutun.ch\/wordpress\/wp-content\/uploads\/2019\/05\/1-1-1.jpg\"><img loading=\"lazy\" decoding=\"async\" width=\"1024\" height=\"760\" src=\"https:\/\/vielzutun.ch\/wordpress\/wp-content\/uploads\/2019\/05\/1-1-1-1024x760.jpg\" alt=\"\" class=\"wp-image-1829\" srcset=\"https:\/\/vielzutun.ch\/wordpress\/wp-content\/uploads\/2019\/05\/1-1-1-1024x760.jpg 1024w, https:\/\/vielzutun.ch\/wordpress\/wp-content\/uploads\/2019\/05\/1-1-1-300x223.jpg 300w, https:\/\/vielzutun.ch\/wordpress\/wp-content\/uploads\/2019\/05\/1-1-1-768x570.jpg 768w, https:\/\/vielzutun.ch\/wordpress\/wp-content\/uploads\/2019\/05\/1-1-1-1200x891.jpg 1200w, https:\/\/vielzutun.ch\/wordpress\/wp-content\/uploads\/2019\/05\/1-1-1.jpg 1280w\" sizes=\"auto, (max-width: 709px) 85vw, (max-width: 909px) 67vw, (max-width: 1362px) 62vw, 840px\" \/><\/a><\/figure>\n\n\n\n<p><div><br><\/div><\/p>\n","protected":false},"excerpt":{"rendered":"<p>Im Altersheim gibt es immer sehr viele Wollreste. Was k\u00f6nnte man damit machen? Einfach entsorgen m\u00f6chte man diese ja nicht. Eine bunte Tagesdecke w\u00e4re doch eine Idee! Aber wohin mit all den Wollresten, die ich inzwischen mit nach Hause genommen hatte? Wir hatten doch da mal einen Fr\u00fcchtekorb geschenkt bekommen, den k\u00f6nnte man dazu verwenden. &hellip; <a href=\"https:\/\/vielzutun.ch\/wordpress\/?p=1826\" class=\"more-link\"><span class=\"screen-reader-text\">&#8220;Fr\u00fcchtekorb wird Wollkorb&#8221; <\/span>weiterlesen<\/a><\/p>\n","protected":false},"author":2,"featured_media":0,"comment_status":"open","ping_status":"open","sticky":false,"template":"","format":"standard","meta":{"_stc_notifier_status":"","_stc_notifier_sent_time":"","_stc_notifier_request":false,"_stc_notifier_prevent":false,"_stc_subscriber_keywords":"","_stc_subscriber_search_areas":"","footnotes":""},"categories":[65],"tags":[],"class_list":["post-1826","post","type-post","status-publish","format-standard","hentry","category-haekeln"],"_links":{"self":[{"href":"https:\/\/vielzutun.ch\/wordpress\/index.php?rest_route=\/wp\/v2\/posts\/1826","targetHints":{"allow":["GET"]}}],"collection":[{"href":"https:\/\/vielzutun.ch\/wordpress\/index.php?rest_route=\/wp\/v2\/posts"}],"about":[{"href":"https:\/\/vielzutun.ch\/wordpress\/index.php?rest_route=\/wp\/v2\/types\/post"}],"author":[{"embeddable":true,"href":"https:\/\/vielzutun.ch\/wordpress\/index.php?rest_route=\/wp\/v2\/users\/2"}],"replies":[{"embeddable":true,"href":"https:\/\/vielzutun.ch\/wordpress\/index.php?rest_route=%2Fwp%2Fv2%2Fcomments&post=1826"}],"version-history":[{"count":14,"href":"https:\/\/vielzutun.ch\/wordpress\/index.php?rest_route=\/wp\/v2\/posts\/1826\/revisions"}],"predecessor-version":[{"id":1843,"href":"https:\/\/vielzutun.ch\/wordpress\/index.php?rest_route=\/wp\/v2\/posts\/1826\/revisions\/1843"}],"wp:attachment":[{"href":"https:\/\/vielzutun.ch\/wordpress\/index.php?rest_route=%2Fwp%2Fv2%2Fmedia&parent=1826"}],"wp:term":[{"taxonomy":"category","embeddable":true,"href":"https:\/\/vielzutun.ch\/wordpress\/index.php?rest_route=%2Fwp%2Fv2%2Fcategories&post=1826"},{"taxonomy":"post_tag","embeddable":true,"href":"https:\/\/vielzutun.ch\/wordpress\/index.php?rest_route=%2Fwp%2Fv2%2Ftags&post=1826"}],"curies":[{"name":"wp","href":"https:\/\/api.w.org\/{rel}","templated":true}]}}