{"id":1578,"date":"2019-04-22T13:57:44","date_gmt":"2019-04-22T11:57:44","guid":{"rendered":"https:\/\/vielzutun.ch\/wordpress\/?p=1578"},"modified":"2020-01-14T16:49:29","modified_gmt":"2020-01-14T15:49:29","slug":"kapuzenschal-der-hit","status":"publish","type":"post","link":"https:\/\/vielzutun.ch\/wordpress\/?p=1578","title":{"rendered":"Kapuzenschal &#8211; der Hit"},"content":{"rendered":"\n<p>Was ich mit meiner lockeren Bemerkung: Ich w\u00fcrde diesen Schal auch auf Bestellung stricken, ausl\u00f6sen w\u00fcrde, hatte ich wahrlich nicht geahnt \ud83d\ude2e. Aber nun die Geschichte von Anfang an &#8230;<\/p>\n\n\n\n<figure class=\"wp-block-image is-resized\"><img loading=\"lazy\" decoding=\"async\" src=\"https:\/\/vielzutun.ch\/wordpress\/wp-content\/uploads\/2019\/04\/Kapuzenschal-2.jpg\" alt=\"\" class=\"wp-image-1567\" width=\"443\" height=\"616\" \/><figcaption>Filati &#8211; Modell aus Acccessoires No. 10 &#8211; Heft leider nicht mehr verf\u00fcgbar<\/figcaption><\/figure>\n\n\n\n<p>Diesen Kapuzenschal hatte ich mir vor einiger Zeit gestrickt, aber leider nie getragen. Eigentlich schade, aber mit Hund ist er einfach nicht so praktisch.<\/p>\n\n\n\n<p>Ich nahm ihn mit ins Altersheim, da k\u00f6nnte man diesen ja im &#171;L\u00e4deli&#187; ausstellen und es h\u00e4tte vielleicht doch noch jemand Freude daran. Er war ja wirklich wundersch\u00f6n. Kaum da, war er auch schon weg. Eine liebe Kollegin aus der Handarbeitsgruppe hatte ihn sich gleich gekrallt. Das w\u00e4re ein Super-Geschenk f\u00fcr ihre Tochter!<\/p>\n\n\n\n<p>Auf diese Begeisterung kam dann eben mein Spruch mit der Eingrenzung: Ohne das aufwendige Muster. Alles kein Problem, die &#171;Werbekampagne&#187; lief und die Bestellungen trudelten ein. Hilfe und das kurz vor Weihnachten \ud83e\udd2f, was hatte ich da in Gang gesetzt?<\/p>\n\n\n\n<figure class=\"wp-block-gallery columns-3 is-cropped wp-block-gallery-1 is-layout-flex wp-block-gallery-is-layout-flex\"><ul class=\"blocks-gallery-grid\"><li class=\"blocks-gallery-item\"><figure><a href=\"https:\/\/vielzutun.ch\/wordpress\/wp-content\/uploads\/2019\/04\/Schal-2-okt-20183-768x1024.jpg\"><img loading=\"lazy\" decoding=\"async\" width=\"768\" height=\"1024\" src=\"https:\/\/vielzutun.ch\/wordpress\/wp-content\/uploads\/2019\/04\/Schal-2-okt-20183-768x1024.jpg\" alt=\"\" data-id=\"1570\" data-link=\"https:\/\/vielzutun.ch\/wordpress\/?attachment_id=1570\" class=\"wp-image-1570\" srcset=\"https:\/\/vielzutun.ch\/wordpress\/wp-content\/uploads\/2019\/04\/Schal-2-okt-20183-768x1024.jpg 768w, https:\/\/vielzutun.ch\/wordpress\/wp-content\/uploads\/2019\/04\/Schal-2-okt-20183-225x300.jpg 225w, https:\/\/vielzutun.ch\/wordpress\/wp-content\/uploads\/2019\/04\/Schal-2-okt-20183.jpg 960w\" sizes=\"auto, (max-width: 709px) 85vw, (max-width: 909px) 67vw, (max-width: 984px) 61vw, (max-width: 1362px) 45vw, 600px\" \/><\/a><figcaption class=\"blocks-gallery-item__caption\">Schal Nr. 1 &#8211; Oktober 2018<\/figcaption><\/figure><\/li><li class=\"blocks-gallery-item\"><figure><a href=\"https:\/\/vielzutun.ch\/wordpress\/wp-content\/uploads\/2019\/04\/Schal-2-okt-20182-768x1024.jpg\"><img loading=\"lazy\" decoding=\"async\" width=\"768\" height=\"1024\" src=\"https:\/\/vielzutun.ch\/wordpress\/wp-content\/uploads\/2019\/04\/Schal-2-okt-20182-768x1024.jpg\" alt=\"\" data-id=\"1569\" data-link=\"https:\/\/vielzutun.ch\/wordpress\/?attachment_id=1569\" class=\"wp-image-1569\" srcset=\"https:\/\/vielzutun.ch\/wordpress\/wp-content\/uploads\/2019\/04\/Schal-2-okt-20182-768x1024.jpg 768w, https:\/\/vielzutun.ch\/wordpress\/wp-content\/uploads\/2019\/04\/Schal-2-okt-20182-225x300.jpg 225w, https:\/\/vielzutun.ch\/wordpress\/wp-content\/uploads\/2019\/04\/Schal-2-okt-20182.jpg 960w\" sizes=\"auto, (max-width: 709px) 85vw, (max-width: 909px) 67vw, (max-width: 984px) 61vw, (max-width: 1362px) 45vw, 600px\" \/><\/a><\/figure><\/li><li class=\"blocks-gallery-item\"><figure><a href=\"https:\/\/vielzutun.ch\/wordpress\/wp-content\/uploads\/2019\/04\/Schal-2-okt-20181-1024x768.jpg\"><img loading=\"lazy\" decoding=\"async\" width=\"1024\" height=\"768\" src=\"https:\/\/vielzutun.ch\/wordpress\/wp-content\/uploads\/2019\/04\/Schal-2-okt-20181-1024x768.jpg\" alt=\"\" data-id=\"1568\" data-link=\"https:\/\/vielzutun.ch\/wordpress\/?attachment_id=1568\" class=\"wp-image-1568\" srcset=\"https:\/\/vielzutun.ch\/wordpress\/wp-content\/uploads\/2019\/04\/Schal-2-okt-20181-1024x768.jpg 1024w, https:\/\/vielzutun.ch\/wordpress\/wp-content\/uploads\/2019\/04\/Schal-2-okt-20181-300x225.jpg 300w, https:\/\/vielzutun.ch\/wordpress\/wp-content\/uploads\/2019\/04\/Schal-2-okt-20181-768x576.jpg 768w, https:\/\/vielzutun.ch\/wordpress\/wp-content\/uploads\/2019\/04\/Schal-2-okt-20181-1200x900.jpg 1200w, https:\/\/vielzutun.ch\/wordpress\/wp-content\/uploads\/2019\/04\/Schal-2-okt-20181.jpg 1280w\" sizes=\"auto, (max-width: 709px) 85vw, (max-width: 909px) 67vw, (max-width: 1362px) 62vw, 840px\" \/><\/a><\/figure><\/li><\/ul><\/figure>\n\n\n\n<figure class=\"wp-block-gallery columns-2 is-cropped wp-block-gallery-2 is-layout-flex wp-block-gallery-is-layout-flex\"><ul class=\"blocks-gallery-grid\"><li class=\"blocks-gallery-item\"><figure><a href=\"https:\/\/vielzutun.ch\/wordpress\/wp-content\/uploads\/2019\/04\/Schal-Okt-20182-1024x768.jpg\"><img loading=\"lazy\" decoding=\"async\" width=\"1024\" height=\"768\" src=\"https:\/\/vielzutun.ch\/wordpress\/wp-content\/uploads\/2019\/04\/Schal-Okt-20182-1024x768.jpg\" alt=\"\" data-id=\"1577\" data-link=\"https:\/\/vielzutun.ch\/wordpress\/?attachment_id=1577\" class=\"wp-image-1577\" srcset=\"https:\/\/vielzutun.ch\/wordpress\/wp-content\/uploads\/2019\/04\/Schal-Okt-20182-1024x768.jpg 1024w, https:\/\/vielzutun.ch\/wordpress\/wp-content\/uploads\/2019\/04\/Schal-Okt-20182-300x225.jpg 300w, https:\/\/vielzutun.ch\/wordpress\/wp-content\/uploads\/2019\/04\/Schal-Okt-20182-768x576.jpg 768w, https:\/\/vielzutun.ch\/wordpress\/wp-content\/uploads\/2019\/04\/Schal-Okt-20182-1200x900.jpg 1200w, https:\/\/vielzutun.ch\/wordpress\/wp-content\/uploads\/2019\/04\/Schal-Okt-20182.jpg 1280w\" sizes=\"auto, (max-width: 709px) 85vw, (max-width: 909px) 67vw, (max-width: 1362px) 62vw, 840px\" \/><\/a><figcaption class=\"blocks-gallery-item__caption\">Schal Nr. 2 &#8211; Oktober 2018<\/figcaption><\/figure><\/li><li class=\"blocks-gallery-item\"><figure><a href=\"https:\/\/vielzutun.ch\/wordpress\/wp-content\/uploads\/2019\/04\/Schal-Okt-20181-1024x768.jpg\"><img loading=\"lazy\" decoding=\"async\" width=\"1024\" height=\"768\" src=\"https:\/\/vielzutun.ch\/wordpress\/wp-content\/uploads\/2019\/04\/Schal-Okt-20181-1024x768.jpg\" alt=\"\" data-id=\"1576\" data-link=\"https:\/\/vielzutun.ch\/wordpress\/?attachment_id=1576\" class=\"wp-image-1576\" srcset=\"https:\/\/vielzutun.ch\/wordpress\/wp-content\/uploads\/2019\/04\/Schal-Okt-20181-1024x768.jpg 1024w, https:\/\/vielzutun.ch\/wordpress\/wp-content\/uploads\/2019\/04\/Schal-Okt-20181-300x225.jpg 300w, https:\/\/vielzutun.ch\/wordpress\/wp-content\/uploads\/2019\/04\/Schal-Okt-20181-768x576.jpg 768w, https:\/\/vielzutun.ch\/wordpress\/wp-content\/uploads\/2019\/04\/Schal-Okt-20181-1200x900.jpg 1200w, https:\/\/vielzutun.ch\/wordpress\/wp-content\/uploads\/2019\/04\/Schal-Okt-20181.jpg 1280w\" sizes=\"auto, (max-width: 709px) 85vw, (max-width: 909px) 67vw, (max-width: 1362px) 62vw, 840px\" \/><\/a><\/figure><\/li><\/ul><\/figure>\n\n\n\n<p>Meine Stricknadeln begannen schon fast zu gl\u00fchen \ud83d\ude05, aber es machte auch viel Spass. Es ist ja ganz anders, f\u00fcr jemanden etwas zu stricken als einfach nur auf gut Gl\u00fcck. Auch kann diese Strickarbeit locker vor dem Fernseher gemacht werden.<\/p>\n\n\n\n<figure class=\"wp-block-gallery columns-2 is-cropped wp-block-gallery-3 is-layout-flex wp-block-gallery-is-layout-flex\"><ul class=\"blocks-gallery-grid\"><li class=\"blocks-gallery-item\"><figure><a href=\"https:\/\/vielzutun.ch\/wordpress\/wp-content\/uploads\/2019\/04\/Schal-Dez-20183-682x1024.jpg\"><img loading=\"lazy\" decoding=\"async\" width=\"682\" height=\"1024\" src=\"https:\/\/vielzutun.ch\/wordpress\/wp-content\/uploads\/2019\/04\/Schal-Dez-20183-682x1024.jpg\" alt=\"\" data-id=\"1574\" data-link=\"https:\/\/vielzutun.ch\/wordpress\/?attachment_id=1574\" class=\"wp-image-1574\" srcset=\"https:\/\/vielzutun.ch\/wordpress\/wp-content\/uploads\/2019\/04\/Schal-Dez-20183-682x1024.jpg 682w, https:\/\/vielzutun.ch\/wordpress\/wp-content\/uploads\/2019\/04\/Schal-Dez-20183-200x300.jpg 200w, https:\/\/vielzutun.ch\/wordpress\/wp-content\/uploads\/2019\/04\/Schal-Dez-20183-768x1152.jpg 768w, https:\/\/vielzutun.ch\/wordpress\/wp-content\/uploads\/2019\/04\/Schal-Dez-20183.jpg 853w\" sizes=\"auto, (max-width: 709px) 85vw, (max-width: 909px) 67vw, (max-width: 984px) 61vw, (max-width: 1362px) 45vw, 600px\" \/><\/a><figcaption class=\"blocks-gallery-item__caption\">Schal Nr. 3 &#8211; Dezember 2018<\/figcaption><\/figure><\/li><li class=\"blocks-gallery-item\"><figure><a href=\"https:\/\/vielzutun.ch\/wordpress\/wp-content\/uploads\/2019\/04\/Schal-Dez-20182-682x1024.jpg\"><img loading=\"lazy\" decoding=\"async\" width=\"682\" height=\"1024\" src=\"https:\/\/vielzutun.ch\/wordpress\/wp-content\/uploads\/2019\/04\/Schal-Dez-20182-682x1024.jpg\" alt=\"\" data-id=\"1573\" data-link=\"https:\/\/vielzutun.ch\/wordpress\/?attachment_id=1573\" class=\"wp-image-1573\" srcset=\"https:\/\/vielzutun.ch\/wordpress\/wp-content\/uploads\/2019\/04\/Schal-Dez-20182-682x1024.jpg 682w, https:\/\/vielzutun.ch\/wordpress\/wp-content\/uploads\/2019\/04\/Schal-Dez-20182-200x300.jpg 200w, https:\/\/vielzutun.ch\/wordpress\/wp-content\/uploads\/2019\/04\/Schal-Dez-20182-768x1152.jpg 768w, https:\/\/vielzutun.ch\/wordpress\/wp-content\/uploads\/2019\/04\/Schal-Dez-20182.jpg 853w\" sizes=\"auto, (max-width: 709px) 85vw, (max-width: 909px) 67vw, (max-width: 984px) 61vw, (max-width: 1362px) 45vw, 600px\" \/><\/a><\/figure><\/li><\/ul><\/figure>\n\n\n\n<p>Als im November noch zwei Bestellungen eintrafen, musste ich auf die Bremse stehen. Im Dezember ist ja doch immer viel los und so wollte ich mich nun doch nicht stressen lassen. Der Letzte wurde dann Anfang Januar &#171;ausgeliefert&#187; und die Freude war gross.<\/p>\n\n\n\n<figure class=\"wp-block-gallery columns-2 is-cropped wp-block-gallery-4 is-layout-flex wp-block-gallery-is-layout-flex\"><ul class=\"blocks-gallery-grid\"><li class=\"blocks-gallery-item\"><figure><a href=\"https:\/\/vielzutun.ch\/wordpress\/wp-content\/uploads\/2019\/04\/Schal-Jan-20192-682x1024.jpg\"><img loading=\"lazy\" decoding=\"async\" width=\"682\" height=\"1024\" src=\"https:\/\/vielzutun.ch\/wordpress\/wp-content\/uploads\/2019\/04\/Schal-Jan-20192-682x1024.jpg\" alt=\"\" data-id=\"1572\" data-link=\"https:\/\/vielzutun.ch\/wordpress\/?attachment_id=1572\" class=\"wp-image-1572\" srcset=\"https:\/\/vielzutun.ch\/wordpress\/wp-content\/uploads\/2019\/04\/Schal-Jan-20192-682x1024.jpg 682w, https:\/\/vielzutun.ch\/wordpress\/wp-content\/uploads\/2019\/04\/Schal-Jan-20192-200x300.jpg 200w, https:\/\/vielzutun.ch\/wordpress\/wp-content\/uploads\/2019\/04\/Schal-Jan-20192-768x1152.jpg 768w, https:\/\/vielzutun.ch\/wordpress\/wp-content\/uploads\/2019\/04\/Schal-Jan-20192.jpg 853w\" sizes=\"auto, (max-width: 709px) 85vw, (max-width: 909px) 67vw, (max-width: 984px) 61vw, (max-width: 1362px) 45vw, 600px\" \/><\/a><figcaption class=\"blocks-gallery-item__caption\">Schal Nr. 4 &#8211; Januar 2019<\/figcaption><\/figure><\/li><li class=\"blocks-gallery-item\"><figure><a href=\"https:\/\/vielzutun.ch\/wordpress\/wp-content\/uploads\/2019\/04\/Schal-Jan-20191-682x1024.jpg\"><img loading=\"lazy\" decoding=\"async\" width=\"682\" height=\"1024\" src=\"https:\/\/vielzutun.ch\/wordpress\/wp-content\/uploads\/2019\/04\/Schal-Jan-20191-682x1024.jpg\" alt=\"\" data-id=\"1571\" data-link=\"https:\/\/vielzutun.ch\/wordpress\/?attachment_id=1571\" class=\"wp-image-1571\" srcset=\"https:\/\/vielzutun.ch\/wordpress\/wp-content\/uploads\/2019\/04\/Schal-Jan-20191-682x1024.jpg 682w, https:\/\/vielzutun.ch\/wordpress\/wp-content\/uploads\/2019\/04\/Schal-Jan-20191-200x300.jpg 200w, https:\/\/vielzutun.ch\/wordpress\/wp-content\/uploads\/2019\/04\/Schal-Jan-20191-768x1152.jpg 768w, https:\/\/vielzutun.ch\/wordpress\/wp-content\/uploads\/2019\/04\/Schal-Jan-20191.jpg 853w\" sizes=\"auto, (max-width: 709px) 85vw, (max-width: 909px) 67vw, (max-width: 984px) 61vw, (max-width: 1362px) 45vw, 600px\" \/><\/a><\/figure><\/li><\/ul><\/figure>\n\n\n\n<p>Inzwischen ist es ja zum Gl\u00fcck Fr\u00fchling geworden und die Nachfrage wurde auf nat\u00fcrliche Weise abgebrochen. Bin ich nicht b\u00f6se dar\u00fcber, ich habe ja noch so viele Ideen und die wollen ja auch irgendwann in Angriff genommen werden.<\/p>\n\n\n\n<p>Hatte ich gedacht \ud83d\ude0c, im Herbst gab es wieder zwei Bestellungen. In-zwischen ist vermutlich halb Beringen auf diese Schals eingeschworen \ud83d\ude09. Aber ich denke, jetzt ist Ruhe eingekehrt.<\/p>\n\n\n\n<figure class=\"wp-block-gallery columns-2 is-cropped wp-block-gallery-5 is-layout-flex wp-block-gallery-is-layout-flex\"><ul class=\"blocks-gallery-grid\"><li class=\"blocks-gallery-item\"><figure><a href=\"https:\/\/vielzutun.ch\/wordpress\/wp-content\/uploads\/2020\/01\/3-1.jpeg\"><img loading=\"lazy\" decoding=\"async\" width=\"537\" height=\"1024\" src=\"https:\/\/vielzutun.ch\/wordpress\/wp-content\/uploads\/2020\/01\/3-1-537x1024.jpeg\" alt=\"\" data-id=\"3290\" data-full-url=\"https:\/\/vielzutun.ch\/wordpress\/wp-content\/uploads\/2020\/01\/3-1.jpeg\" data-link=\"https:\/\/vielzutun.ch\/wordpress\/?attachment_id=3290\" class=\"wp-image-3290\" srcset=\"https:\/\/vielzutun.ch\/wordpress\/wp-content\/uploads\/2020\/01\/3-1-537x1024.jpeg 537w, https:\/\/vielzutun.ch\/wordpress\/wp-content\/uploads\/2020\/01\/3-1-157x300.jpeg 157w, https:\/\/vielzutun.ch\/wordpress\/wp-content\/uploads\/2020\/01\/3-1.jpeg 671w\" sizes=\"auto, (max-width: 537px) 85vw, 537px\" \/><\/a><figcaption class=\"blocks-gallery-item__caption\">Schal Nr. 5  &#8211; Oktober 2019<\/figcaption><\/figure><\/li><li class=\"blocks-gallery-item\"><figure><a href=\"https:\/\/vielzutun.ch\/wordpress\/wp-content\/uploads\/2020\/01\/2-1.jpeg\"><img loading=\"lazy\" decoding=\"async\" width=\"481\" height=\"1024\" src=\"https:\/\/vielzutun.ch\/wordpress\/wp-content\/uploads\/2020\/01\/2-1-481x1024.jpeg\" alt=\"\" data-id=\"3289\" data-full-url=\"https:\/\/vielzutun.ch\/wordpress\/wp-content\/uploads\/2020\/01\/2-1.jpeg\" data-link=\"https:\/\/vielzutun.ch\/wordpress\/?attachment_id=3289\" class=\"wp-image-3289\" srcset=\"https:\/\/vielzutun.ch\/wordpress\/wp-content\/uploads\/2020\/01\/2-1-481x1024.jpeg 481w, https:\/\/vielzutun.ch\/wordpress\/wp-content\/uploads\/2020\/01\/2-1-141x300.jpeg 141w, https:\/\/vielzutun.ch\/wordpress\/wp-content\/uploads\/2020\/01\/2-1.jpeg 601w\" sizes=\"auto, (max-width: 481px) 85vw, 481px\" \/><\/a><\/figure><\/li><\/ul><\/figure>\n\n\n\n<figure class=\"wp-block-gallery columns-2 is-cropped wp-block-gallery-6 is-layout-flex wp-block-gallery-is-layout-flex\"><ul class=\"blocks-gallery-grid\"><li class=\"blocks-gallery-item\"><figure><a href=\"https:\/\/vielzutun.ch\/wordpress\/wp-content\/uploads\/2020\/01\/5-1.jpeg\"><img loading=\"lazy\" decoding=\"async\" width=\"607\" height=\"1024\" src=\"https:\/\/vielzutun.ch\/wordpress\/wp-content\/uploads\/2020\/01\/5-1-607x1024.jpeg\" alt=\"\" data-id=\"3292\" data-full-url=\"https:\/\/vielzutun.ch\/wordpress\/wp-content\/uploads\/2020\/01\/5-1.jpeg\" data-link=\"https:\/\/vielzutun.ch\/wordpress\/?attachment_id=3292\" class=\"wp-image-3292\" srcset=\"https:\/\/vielzutun.ch\/wordpress\/wp-content\/uploads\/2020\/01\/5-1-607x1024.jpeg 607w, https:\/\/vielzutun.ch\/wordpress\/wp-content\/uploads\/2020\/01\/5-1-178x300.jpeg 178w, https:\/\/vielzutun.ch\/wordpress\/wp-content\/uploads\/2020\/01\/5-1.jpeg 759w\" sizes=\"auto, (max-width: 709px) 85vw, (max-width: 909px) 67vw, (max-width: 984px) 61vw, (max-width: 1362px) 45vw, 600px\" \/><\/a><figcaption class=\"blocks-gallery-item__caption\">Schal Nr. 7 &#8211; November 2019<\/figcaption><\/figure><\/li><li class=\"blocks-gallery-item\"><figure><a href=\"https:\/\/vielzutun.ch\/wordpress\/wp-content\/uploads\/2020\/01\/4-1.jpeg\"><img loading=\"lazy\" decoding=\"async\" width=\"571\" height=\"1024\" src=\"https:\/\/vielzutun.ch\/wordpress\/wp-content\/uploads\/2020\/01\/4-1-571x1024.jpeg\" alt=\"\" data-id=\"3291\" data-full-url=\"https:\/\/vielzutun.ch\/wordpress\/wp-content\/uploads\/2020\/01\/4-1.jpeg\" data-link=\"https:\/\/vielzutun.ch\/wordpress\/?attachment_id=3291\" class=\"wp-image-3291\" srcset=\"https:\/\/vielzutun.ch\/wordpress\/wp-content\/uploads\/2020\/01\/4-1-571x1024.jpeg 571w, https:\/\/vielzutun.ch\/wordpress\/wp-content\/uploads\/2020\/01\/4-1-167x300.jpeg 167w, https:\/\/vielzutun.ch\/wordpress\/wp-content\/uploads\/2020\/01\/4-1.jpeg 714w\" sizes=\"auto, (max-width: 571px) 85vw, 571px\" \/><\/a><\/figure><\/li><\/ul><\/figure>\n\n\n\n<p>Falls jemand diesen Schal nachstricken m\u00f6chte, hier eine Kapuzenh\u00e4lfte mit den entsprechenden Massen in cm. Diese k\u00f6nnen nat\u00fcrlich nach pers\u00f6nlichem Gusto angepasst werden.<\/p>\n\n\n\n<div class=\"wp-block-image\"><figure class=\"aligncenter is-resized\"><a href=\"https:\/\/vielzutun.ch\/wordpress\/wp-content\/uploads\/2019\/04\/Kapuzenschal_H\u00e4lfte.png\"><img loading=\"lazy\" decoding=\"async\" src=\"https:\/\/vielzutun.ch\/wordpress\/wp-content\/uploads\/2019\/04\/Kapuzenschal_H\u00e4lfte-583x1024.png\" alt=\"\" class=\"wp-image-1584\" width=\"292\" height=\"512\" srcset=\"https:\/\/vielzutun.ch\/wordpress\/wp-content\/uploads\/2019\/04\/Kapuzenschal_H\u00e4lfte-583x1024.png 583w, https:\/\/vielzutun.ch\/wordpress\/wp-content\/uploads\/2019\/04\/Kapuzenschal_H\u00e4lfte-171x300.png 171w, https:\/\/vielzutun.ch\/wordpress\/wp-content\/uploads\/2019\/04\/Kapuzenschal_H\u00e4lfte.png 729w\" sizes=\"auto, (max-width: 292px) 85vw, 292px\" \/><\/a><\/figure><\/div>\n","protected":false},"excerpt":{"rendered":"<p>Was ich mit meiner lockeren Bemerkung: Ich w\u00fcrde diesen Schal auch auf Bestellung stricken, ausl\u00f6sen w\u00fcrde, hatte ich wahrlich nicht geahnt \ud83d\ude2e. Aber nun die Geschichte von Anfang an &#8230; Diesen Kapuzenschal hatte ich mir vor einiger Zeit gestrickt, aber leider nie getragen. Eigentlich schade, aber mit Hund ist er einfach nicht so praktisch. Ich &hellip; <a href=\"https:\/\/vielzutun.ch\/wordpress\/?p=1578\" class=\"more-link\"><span class=\"screen-reader-text\">&#8220;Kapuzenschal &#8211; der Hit&#8221; <\/span>weiterlesen<\/a><\/p>\n","protected":false},"author":2,"featured_media":0,"comment_status":"open","ping_status":"open","sticky":false,"template":"","format":"standard","meta":{"_stc_notifier_status":"","_stc_notifier_sent_time":"","_stc_notifier_request":false,"_stc_notifier_prevent":false,"_stc_subscriber_keywords":"","_stc_subscriber_search_areas":"","footnotes":""},"categories":[44],"tags":[107],"class_list":["post-1578","post","type-post","status-publish","format-standard","hentry","category-stricken","tag-kapuzenschal"],"_links":{"self":[{"href":"https:\/\/vielzutun.ch\/wordpress\/index.php?rest_route=\/wp\/v2\/posts\/1578","targetHints":{"allow":["GET"]}}],"collection":[{"href":"https:\/\/vielzutun.ch\/wordpress\/index.php?rest_route=\/wp\/v2\/posts"}],"about":[{"href":"https:\/\/vielzutun.ch\/wordpress\/index.php?rest_route=\/wp\/v2\/types\/post"}],"author":[{"embeddable":true,"href":"https:\/\/vielzutun.ch\/wordpress\/index.php?rest_route=\/wp\/v2\/users\/2"}],"replies":[{"embeddable":true,"href":"https:\/\/vielzutun.ch\/wordpress\/index.php?rest_route=%2Fwp%2Fv2%2Fcomments&post=1578"}],"version-history":[{"count":9,"href":"https:\/\/vielzutun.ch\/wordpress\/index.php?rest_route=\/wp\/v2\/posts\/1578\/revisions"}],"predecessor-version":[{"id":3294,"href":"https:\/\/vielzutun.ch\/wordpress\/index.php?rest_route=\/wp\/v2\/posts\/1578\/revisions\/3294"}],"wp:attachment":[{"href":"https:\/\/vielzutun.ch\/wordpress\/index.php?rest_route=%2Fwp%2Fv2%2Fmedia&parent=1578"}],"wp:term":[{"taxonomy":"category","embeddable":true,"href":"https:\/\/vielzutun.ch\/wordpress\/index.php?rest_route=%2Fwp%2Fv2%2Fcategories&post=1578"},{"taxonomy":"post_tag","embeddable":true,"href":"https:\/\/vielzutun.ch\/wordpress\/index.php?rest_route=%2Fwp%2Fv2%2Ftags&post=1578"}],"curies":[{"name":"wp","href":"https:\/\/api.w.org\/{rel}","templated":true}]}}